{"id":4504,"date":"2023-03-13T12:33:57","date_gmt":"2023-03-13T11:33:57","guid":{"rendered":"https:\/\/taxense.hu\/?p=4504"},"modified":"2023-03-13T12:34:00","modified_gmt":"2023-03-13T11:34:00","slug":"ber-tb-hr-berszamfejtes-munkaugy-munkavallalo-munkaltato","status":"publish","type":"post","link":"https:\/\/taxense.hu\/en\/ber-tb-hr\/ber-tb-hr-berszamfejtes-munkaugy-munkavallalo-munkaltato\/","title":{"rendered":"<strong>CSOMBORN\u00c9 J\u00d3ZSA RITA (B\u00e9r &#8211; TB \u00e9s munka\u00fcgyi referens)<\/strong>"},"content":{"rendered":"<h2 class=\"wp-block-heading\">Ismerjen meg benn\u00fcnket, a munk\u00e1hoz \u00e9s \u00fcgyfelekhez val\u00f3 hozz\u00e1\u00e1ll\u00e1sunkat!<\/h2>\n\n\n\n<p><\/p>\n\n\n\n<p>T\u00f6bb r\u00e9szes bemutatkoz\u00f3 blogcikk sorozatunkban most Csomborn\u00e9 J\u00f3zsa Rit\u00e1n a sor, aki B\u00e9r &#8211; TB \u00e9s munka\u00fcgyi referensk\u00e9nt er\u0151s\u00edti a Taxense Consulting csapat\u00e1t. A vele k\u00e9sz\u00fclt interj\u00faban olvashatj\u00e1k t\u00f6bbek k\u00f6z\u00f6tt, hogy mi\u00e9rt fontos a j\u00f3 b\u00e9rsz\u00e1mfejt\u0151, munka\u00fcgyi referens megv\u00e1laszt\u00e1sa, \u00e9s milyen kih\u00edv\u00e1sokra sz\u00e1m\u00edthatunk 2023-ban.<\/p>\n\n\n\n<h2 class=\"wp-block-heading\"><strong><em>Mi\u00e9rt szeretsz itt dolgozni?<\/em><\/strong><\/h2>\n\n\n\n<p>Vallom, hogy egy v\u00e1llalkoz\u00e1s glob\u00e1lis siker\u00e9ben a munkav\u00e1llal\u00f3i el\u00e9gedetts\u00e9g is kulcsfontoss\u00e1g\u00fa szerepet j\u00e1tszik. Szerte\u00e1gaz\u00f3 megb\u00edz\u00e1saink sor\u00e1n a munkav\u00e1llal\u00f3kat \u00e9rint\u0151 esetek sz\u00e9les palett\u00e1j\u00e1val tal\u00e1lkozom, mely lehet\u0151s\u00e9get ad sz\u00e1momra a szakmai fejl\u0151d\u00e9sre. Munk\u00e1m sor\u00e1n nagy \u00f6n\u00e1ll\u00f3s\u00e1ggal rendelkezem, mindemellett csal\u00e1dias hangulatban, odafigyel\u00e9s \u00e9s pontoss\u00e1g jellemez benn\u00fcnket, ez\u00e9rt is szeretek itt dolgozni, imm\u00e1r 4 \u00e9ve.<\/p>\n\n\n\n<h2 class=\"wp-block-heading\"><strong><em>H\u00e1ny \u00e9ves p\u00e9nz\u00fcgyi\/sz\u00e1mviteli\/b\u00e9rsz\u00e1mfejt\u0151i tapasztalattal rendelkezel?<\/em><\/strong><\/h2>\n\n\n\n<p>K\u00f6zel 20 \u00e9ves k\u00f6zgazd\u00e1sz \u00e9s m\u00e9rlegk\u00e9pes k\u00f6nyvel\u0151 p\u00e1lyafut\u00e1som sor\u00e1n mindig is vonzott a v\u00e1llalkoz\u00e1sok gazd\u00e1lkod\u00e1sa. Jelenlegi kiemelt szakter\u00fcletemmel, ami a b\u00e9rsz\u00e1mfejt\u00e9s \u00e9s TB \u00fcgyint\u00e9z\u00e9s, m\u00e1r t\u00f6bb, mint 4 \u00e9ve foglalkozom.<\/p>\n\n\n\n<h2 class=\"wp-block-heading\"><strong><em>Szerinted mi a legfontosabb egy \u00fcgyf\u00e9lkapcsolati viszonyban?<\/em><\/strong><\/h2>\n\n\n\n<p>Az odafigyel\u00e9s, meg\u00e9rt\u00e9s \u00e9s az, hogy j\u00f3l ismerj\u00fck az \u00fcgyfeleinket.<\/p>\n\n\n\n<h2 class=\"wp-block-heading\"><strong><em>Szerinted mik lesznek 2023 legfontosabb b\u00e9rsz\u00e1mfejt\u00e9s kih\u00edv\u00e1sai?<\/em><\/strong><\/h2>\n\n\n\n<p>A legfontosabbaknak \u00e9rzem az Mt. m\u00f3dos\u00edt\u00e1sokat, azok betart\u00e1s\u00e1nak ellen\u0151rz\u00e9s\u00e9t, valamint a felk\u00e9sz\u00fcl\u00e9st a v\u00e1rhat\u00f3 Munka\u00fcgyi ellen\u0151rz\u00e9sekre.<\/p>\n\n\n\n<h2 class=\"wp-block-heading\"><strong><em>Szerinted mi\u00e9rt fontos a j\u00f3 b\u00e9rsz\u00e1mfejt\u0151, munka\u00fcgyi referens megv\u00e1laszt\u00e1sa?<\/em><\/strong><\/h2>\n\n\n\n<p>Mert a szem\u00e9lyes adatainkat kezeli, \u201emindent is tud r\u00f3lunk\u201d. A m\u00e1sik, hogy a b\u00e9r egy \u00e9rz\u00e9keny ter\u00fclet, hiszen a j\u00f6vedelm\u00fcnk pontos, illetve id\u0151ben t\u00f6rt\u00e9n\u0151 sz\u00e1mfejt\u00e9se fontos a munkav\u00e1llal\u00f3k sz\u00e1m\u00e1ra \u00e9s a munk\u00e1ltat\u00f3knak is, hiszen az el\u00e9gedett munkaer\u0151 a j\u00f3 munkaer\u0151. A j\u00f3 b\u00e9rsz\u00e1mfejt\u0151 kiv\u00e1laszt\u00e1sa az\u00e9rt fontos, mert kritikus szerepet j\u00e1tszik a v\u00e1llalat b\u00e9rsz\u00e1mfejt\u00e9s\u00e9nek, ad\u00f3inak \u00e9s munkav\u00e1llal\u00f3i juttat\u00e1sainak kezel\u00e9s\u00e9ben. Egy j\u00f3 szolg\u00e1ltat\u00f3 k\u00e9pes biztos\u00edtani a pontos \u00e9s id\u0151ben t\u00f6rt\u00e9n\u0151 b\u00e9rsz\u00e1mfejt\u00e9st, az ad\u00f3t\u00f6rv\u00e9nyeknek val\u00f3 megfelel\u00e9st, valamint hasznos forr\u00e1sokat \u00e9s t\u00e1mogat\u00e1st ny\u00fajt mind a munk\u00e1ltat\u00f3, mind a munkav\u00e1llal\u00f3k sz\u00e1m\u00e1ra. Emellett a b\u00e9rsz\u00e1mfejt\u00e9s kiszervez\u00e9se egy szolg\u00e1ltat\u00f3hoz \u00e9rt\u00e9kes id\u0151t \u00e9s er\u0151forr\u00e1sokat szabad\u00edthat fel a v\u00e1llalat sz\u00e1m\u00e1ra, \u00edgy az a f\u0151 \u00fczleti tev\u00e9kenys\u00e9g\u00e9re \u00f6sszpontos\u00edthat. A b\u00e9rsz\u00e1mfejt\u00e9sen t\u00fal a j\u00f3 munka\u00fcgyi referens olyan szem\u00e9ly, aki pontos, hasznos \u00e9s gyakorlatias tan\u00e1csokat ad a foglalkoztat\u00e1ssal kapcsolatos k\u00e9rd\u00e9sek sz\u00e9les k\u00f6r\u00e9vel kapcsolatban. F\u0151bb jellemz\u0151i:<\/p>\n\n\n\n<ul class=\"wp-block-list\">\n<li>alapos ismeretekkel rendelkezik a munka\u00fcgyi jogszab\u00e1lyokr\u00f3l \u00e9s naprak\u00e9szen k\u00f6veti a v\u00e1ltoz\u00e1sokat. (tud\u00e1s \u00e9s szak\u00e9rtelem)<\/li>\n\n\n\n<li>k\u00e9pes az \u00f6sszetett inform\u00e1ci\u00f3kat vil\u00e1gosan \u00e9s t\u00f6m\u00f6ren elmagyar\u00e1zni, \u00e9s kommunik\u00e1ci\u00f3s st\u00edlus\u00e1t az \u00fcgyfeleik ig\u00e9nyeihez tudj\u00e1k igaz\u00edtani. (kommunik\u00e1ci\u00f3s k\u00e9szs\u00e9g)<\/li>\n\n\n\n<li>k\u00e9pes meghallgatni az \u00fcgyfelek aggodalmait, \u00e9s el\u0151\u00edt\u00e9letekt\u0151l mentesen, meg\u00e9rt\u0151 m\u00f3don tan\u00e1csot \u00e9s t\u00e1mogat\u00e1st ny\u00fajtani (emp\u00e1tia \u00e9s meg\u00e9rt\u00e9s)<\/li>\n\n\n\n<li>apr\u00f3l\u00e9kosan v\u00e9gzi a munk\u00e1j\u00e1t, \u00e9s biztos\u00edtja, hogy minden r\u00e9szlet pontos \u00e9s naprak\u00e9sz legyen (figyelem a r\u00e9szletekre)<\/li>\n\n\n\n<li>mindig professzion\u00e1lis m\u00f3don j\u00e1r el, munk\u00e1ja sor\u00e1n betartja a titoktart\u00e1si \u00e9s etikai norm\u00e1kat (professzionalizmus)<\/li>\n\n\n\n<li>elk\u00f6telezetten seg\u00edt az \u00fcgyfeleknek c\u00e9ljaik el\u00e9r\u00e9s\u00e9ben, \u00e9s mindig rendelkez\u00e9sre \u00e1ll, hogy t\u00e1mogat\u00e1st \u00e9s \u00fatmutat\u00e1st ny\u00fajtson (elk\u00f6telezetts\u00e9g)<\/li>\n<\/ul>\n\n\n\n<h2 class=\"wp-block-heading\"><strong><em>Milyen referensi k\u00e9pz\u00e9st v\u00e9gezt\u00e9l az elm\u00falt \u00e9vben? Szerinted ez a tud\u00e1s miben t\u00e1mogatja az \u00fcgyfeleidet?<\/em><\/strong><\/h2>\n\n\n\n<p>Napjaink \u00e1lland\u00f3an v\u00e1ltoz\u00f3 gazdas\u00e1gi k\u00f6rnyezet\u00e9ben kiemelten fontosnak tartom a folyamatos tanul\u00e1st, mely \u00e1ltal magabiztos tart\u00f3oszlopp\u00e1 v\u00e1lunk a munk\u00e1ltat\u00f3k r\u00e9sz\u00e9re. Ez\u00e9rt is esett a v\u00e1laszt\u00e1som az elm\u00falt \u00e9vben a Munka\u00fcgyi referensi k\u00e9pz\u00e9sre, ahol a munkajogi \u00e9s polg\u00e1rjogi, valamint a t\u00e1rsadalombiztos\u00edt\u00e1si jogviszonyok ter\u00e9n b\u0151v\u00edtettem tud\u00e1som. Ez\u00e1ltal naprak\u00e9sz ismeretekkel seg\u00edtem a munk\u00e1ltat\u00f3kat a t\u00e1rsadalombiztos\u00edt\u00e1si, eg\u00e9szs\u00e9gbiztos\u00edt\u00e1si, nyugell\u00e1t\u00e1si \u00e9s csal\u00e1dt\u00e1mogat\u00e1si ter\u00fcletek feladataiban, valamint er\u0151s\u00edtem az \u00fcgyfeleinket a munkav\u00e9gz\u00e9sre vonatkoz\u00f3 jogszab\u00e1lyok, munka\u00fcgyi feladatok gyakorlat\u00e1ban.<\/p>","protected":false},"excerpt":{"rendered":"<p>Ismerjen meg benn\u00fcnket, a munk\u00e1hoz \u00e9s \u00fcgyfelekhez val\u00f3 hozz\u00e1\u00e1ll\u00e1sunkat! T\u00f6bb r\u00e9szes bemutatkoz\u00f3 blogcikk sorozatunkban most Csomborn\u00e9 J\u00f3zsa Rit\u00e1n a sor, aki B\u00e9r &#8211; TB \u00e9s munka\u00fcgyi referensk\u00e9nt er\u0151s\u00edti a Taxense Consulting csapat\u00e1t. A vele k\u00e9sz\u00fclt interj\u00faban olvashatj\u00e1k t\u00f6bbek k\u00f6z\u00f6tt, hogy mi\u00e9rt fontos a j\u00f3 b\u00e9rsz\u00e1mfejt\u0151, munka\u00fcgyi referens megv\u00e1laszt\u00e1sa, \u00e9s milyen kih\u00edv\u00e1sokra sz\u00e1m\u00edthatunk 2023-ban. Mi\u00e9rt szeretsz [&hellip;]<\/p>","protected":false},"author":3,"featured_media":4492,"comment_status":"open","ping_status":"open","sticky":false,"template":"","format":"standard","meta":{"_acf_changed":false,"site-sidebar-layout":"default","site-content-layout":"","ast-site-content-layout":"default","site-content-style":"default","site-sidebar-style":"default","ast-global-header-display":"","ast-banner-title-visibility":"","ast-main-header-display":"","ast-hfb-above-header-display":"","ast-hfb-below-header-display":"","ast-hfb-mobile-header-display":"","site-post-title":"","ast-breadcrumbs-content":"","ast-featured-img":"","footer-sml-layout":"","ast-disable-related-posts":"","theme-transparent-header-meta":"","adv-header-id-meta":"","stick-header-meta":"","header-above-stick-meta":"","header-main-stick-meta":"","header-below-stick-meta":"","astra-migrate-meta-layouts":"default","ast-page-background-enabled":"default","ast-page-background-meta":{"desktop":{"background-color":"var(--ast-global-color-4)","background-image":"","background-repeat":"repeat","background-position":"center center","background-size":"auto","background-attachment":"scroll","background-type":"","background-media":"","overlay-type":"","overlay-color":"","overlay-opacity":"","overlay-gradient":""},"tablet":{"background-color":"","background-image":"","background-repeat":"repeat","background-position":"center center","background-size":"auto","background-attachment":"scroll","background-type":"","background-media":"","overlay-type":"","overlay-color":"","overlay-opacity":"","overlay-gradient":""},"mobile":{"background-color":"","background-image":"","background-repeat":"repeat","background-position":"center center","background-size":"auto","background-attachment":"scroll","background-type":"","background-media":"","overlay-type":"","overlay-color":"","overlay-opacity":"","overlay-gradient":""}},"ast-content-background-meta":{"desktop":{"background-color":"var(--ast-global-color-5)","background-image":"","background-repeat":"repeat","background-position":"center center","background-size":"auto","background-attachment":"scroll","background-type":"","background-media":"","overlay-type":"","overlay-color":"","overlay-opacity":"","overlay-gradient":""},"tablet":{"background-color":"var(--ast-global-color-5)","background-image":"","background-repeat":"repeat","background-position":"center center","background-size":"auto","background-attachment":"scroll","background-type":"","background-media":"","overlay-type":"","overlay-color":"","overlay-opacity":"","overlay-gradient":""},"mobile":{"background-color":"var(--ast-global-color-5)","background-image":"","background-repeat":"repeat","background-position":"center center","background-size":"auto","background-attachment":"scroll","background-type":"","background-media":"","overlay-type":"","overlay-color":"","overlay-opacity":"","overlay-gradient":""}},"footnotes":""},"categories":[92],"tags":[53,93,94,81,58,86],"class_list":["post-4504","post","type-post","status-publish","format-standard","has-post-thumbnail","hentry","category-ber-tb-hr","tag-ber","tag-berszamfejtes","tag-hr","tag-munkaugy","tag-munkavallalo","tag-tb"],"acf":[],"yoast_head":"<!-- This site is optimized with the Yoast SEO plugin v26.7 - https:\/\/yoast.com\/wordpress\/plugins\/seo\/ -->\n<title>CSOMBORN\u00c9 J\u00d3ZSA RITA (B\u00e9r - TB \u00e9s munka\u00fcgyi referens) - TAXENSE<\/title>\n<meta name=\"robots\" content=\"index, follow, max-snippet:-1, max-image-preview:large, max-video-preview:-1\" \/>\n<link rel=\"canonical\" href=\"https:\/\/taxense.hu\/en\/ber-tb-hr\/ber-tb-hr-berszamfejtes-munkaugy-munkavallalo-munkaltato\/\" \/>\n<meta property=\"og:locale\" content=\"en_GB\" \/>\n<meta property=\"og:type\" content=\"article\" \/>\n<meta property=\"og:title\" content=\"CSOMBORN\u00c9 J\u00d3ZSA RITA (B\u00e9r - TB \u00e9s munka\u00fcgyi referens) - TAXENSE\" \/>\n<meta property=\"og:description\" content=\"Ismerjen meg benn\u00fcnket, a munk\u00e1hoz \u00e9s \u00fcgyfelekhez val\u00f3 hozz\u00e1\u00e1ll\u00e1sunkat! T\u00f6bb r\u00e9szes bemutatkoz\u00f3 blogcikk sorozatunkban most Csomborn\u00e9 J\u00f3zsa Rit\u00e1n a sor, aki B\u00e9r &#8211; TB \u00e9s munka\u00fcgyi referensk\u00e9nt er\u0151s\u00edti a Taxense Consulting csapat\u00e1t. A vele k\u00e9sz\u00fclt interj\u00faban olvashatj\u00e1k t\u00f6bbek k\u00f6z\u00f6tt, hogy mi\u00e9rt fontos a j\u00f3 b\u00e9rsz\u00e1mfejt\u0151, munka\u00fcgyi referens megv\u00e1laszt\u00e1sa, \u00e9s milyen kih\u00edv\u00e1sokra sz\u00e1m\u00edthatunk 2023-ban. Mi\u00e9rt szeretsz [&hellip;]\" \/>\n<meta property=\"og:url\" content=\"https:\/\/taxense.hu\/en\/ber-tb-hr\/ber-tb-hr-berszamfejtes-munkaugy-munkavallalo-munkaltato\/\" \/>\n<meta property=\"og:site_name\" content=\"TAXENSE\" \/>\n<meta property=\"article:publisher\" content=\"https:\/\/www.facebook.com\/TaxenseConsulting\" \/>\n<meta property=\"article:published_time\" content=\"2023-03-13T11:33:57+00:00\" \/>\n<meta property=\"article:modified_time\" content=\"2023-03-13T11:34:00+00:00\" \/>\n<meta property=\"og:image\" content=\"https:\/\/taxense.hu\/wp-content\/uploads\/2023\/02\/Taxense-idezetes-Rita.png\" \/>\n\t<meta property=\"og:image:width\" content=\"1200\" \/>\n\t<meta property=\"og:image:height\" content=\"628\" \/>\n\t<meta property=\"og:image:type\" content=\"image\/png\" \/>\n<meta name=\"author\" content=\"taxense\" \/>\n<meta name=\"twitter:card\" content=\"summary_large_image\" \/>\n<meta name=\"twitter:label1\" content=\"Written by\" \/>\n\t<meta name=\"twitter:data1\" content=\"taxense\" \/>\n\t<meta name=\"twitter:label2\" content=\"Estimated reading time\" \/>\n\t<meta name=\"twitter:data2\" content=\"4 minutes\" \/>\n<script type=\"application\/ld+json\" class=\"yoast-schema-graph\">{\"@context\":\"https:\/\/schema.org\",\"@graph\":[{\"@type\":\"Article\",\"@id\":\"https:\/\/taxense.hu\/ber-tb-hr\/ber-tb-hr-berszamfejtes-munkaugy-munkavallalo-munkaltato\/#article\",\"isPartOf\":{\"@id\":\"https:\/\/taxense.hu\/ber-tb-hr\/ber-tb-hr-berszamfejtes-munkaugy-munkavallalo-munkaltato\/\"},\"author\":{\"name\":\"taxense\",\"@id\":\"https:\/\/taxense.hu\/#\/schema\/person\/79562aabdb95e5ffe5dc64436550bba6\"},\"headline\":\"CSOMBORN\u00c9 J\u00d3ZSA RITA (B\u00e9r &#8211; TB \u00e9s munka\u00fcgyi referens)\",\"datePublished\":\"2023-03-13T11:33:57+00:00\",\"dateModified\":\"2023-03-13T11:34:00+00:00\",\"mainEntityOfPage\":{\"@id\":\"https:\/\/taxense.hu\/ber-tb-hr\/ber-tb-hr-berszamfejtes-munkaugy-munkavallalo-munkaltato\/\"},\"wordCount\":861,\"commentCount\":0,\"publisher\":{\"@id\":\"https:\/\/taxense.hu\/#organization\"},\"image\":{\"@id\":\"https:\/\/taxense.hu\/ber-tb-hr\/ber-tb-hr-berszamfejtes-munkaugy-munkavallalo-munkaltato\/#primaryimage\"},\"thumbnailUrl\":\"https:\/\/taxense.hu\/wp-content\/uploads\/2023\/02\/Taxense-blog-bemutatkozok-Rita.png\",\"keywords\":[\"b\u00e9r\",\"b\u00e9rsz\u00e1mfejt\u00e9s\",\"HR\",\"munka\u00fcgy\",\"munkav\u00e1llal\u00f3\",\"tb\"],\"articleSection\":[\"b\u00e9r-TB-HR\"],\"inLanguage\":\"en-GB\",\"potentialAction\":[{\"@type\":\"CommentAction\",\"name\":\"Comment\",\"target\":[\"https:\/\/taxense.hu\/ber-tb-hr\/ber-tb-hr-berszamfejtes-munkaugy-munkavallalo-munkaltato\/#respond\"]}]},{\"@type\":\"WebPage\",\"@id\":\"https:\/\/taxense.hu\/ber-tb-hr\/ber-tb-hr-berszamfejtes-munkaugy-munkavallalo-munkaltato\/\",\"url\":\"https:\/\/taxense.hu\/ber-tb-hr\/ber-tb-hr-berszamfejtes-munkaugy-munkavallalo-munkaltato\/\",\"name\":\"CSOMBORN\u00c9 J\u00d3ZSA RITA (B\u00e9r - TB \u00e9s munka\u00fcgyi referens) - TAXENSE\",\"isPartOf\":{\"@id\":\"https:\/\/taxense.hu\/#website\"},\"primaryImageOfPage\":{\"@id\":\"https:\/\/taxense.hu\/ber-tb-hr\/ber-tb-hr-berszamfejtes-munkaugy-munkavallalo-munkaltato\/#primaryimage\"},\"image\":{\"@id\":\"https:\/\/taxense.hu\/ber-tb-hr\/ber-tb-hr-berszamfejtes-munkaugy-munkavallalo-munkaltato\/#primaryimage\"},\"thumbnailUrl\":\"https:\/\/taxense.hu\/wp-content\/uploads\/2023\/02\/Taxense-blog-bemutatkozok-Rita.png\",\"datePublished\":\"2023-03-13T11:33:57+00:00\",\"dateModified\":\"2023-03-13T11:34:00+00:00\",\"breadcrumb\":{\"@id\":\"https:\/\/taxense.hu\/ber-tb-hr\/ber-tb-hr-berszamfejtes-munkaugy-munkavallalo-munkaltato\/#breadcrumb\"},\"inLanguage\":\"en-GB\",\"potentialAction\":[{\"@type\":\"ReadAction\",\"target\":[\"https:\/\/taxense.hu\/ber-tb-hr\/ber-tb-hr-berszamfejtes-munkaugy-munkavallalo-munkaltato\/\"]}]},{\"@type\":\"ImageObject\",\"inLanguage\":\"en-GB\",\"@id\":\"https:\/\/taxense.hu\/ber-tb-hr\/ber-tb-hr-berszamfejtes-munkaugy-munkavallalo-munkaltato\/#primaryimage\",\"url\":\"https:\/\/taxense.hu\/wp-content\/uploads\/2023\/02\/Taxense-blog-bemutatkozok-Rita.png\",\"contentUrl\":\"https:\/\/taxense.hu\/wp-content\/uploads\/2023\/02\/Taxense-blog-bemutatkozok-Rita.png\",\"width\":1080,\"height\":1080},{\"@type\":\"BreadcrumbList\",\"@id\":\"https:\/\/taxense.hu\/ber-tb-hr\/ber-tb-hr-berszamfejtes-munkaugy-munkavallalo-munkaltato\/#breadcrumb\",\"itemListElement\":[{\"@type\":\"ListItem\",\"position\":1,\"name\":\"Kezd\u0151lap\",\"item\":\"https:\/\/taxense.hu\/\"},{\"@type\":\"ListItem\",\"position\":2,\"name\":\"CSOMBORN\u00c9 J\u00d3ZSA RITA (B\u00e9r &#8211; TB \u00e9s munka\u00fcgyi referens)\"}]},{\"@type\":\"WebSite\",\"@id\":\"https:\/\/taxense.hu\/#website\",\"url\":\"https:\/\/taxense.hu\/\",\"name\":\"TAXENSE\",\"description\":\"CONSULTING\",\"publisher\":{\"@id\":\"https:\/\/taxense.hu\/#organization\"},\"potentialAction\":[{\"@type\":\"SearchAction\",\"target\":{\"@type\":\"EntryPoint\",\"urlTemplate\":\"https:\/\/taxense.hu\/?s={search_term_string}\"},\"query-input\":{\"@type\":\"PropertyValueSpecification\",\"valueRequired\":true,\"valueName\":\"search_term_string\"}}],\"inLanguage\":\"en-GB\"},{\"@type\":\"Organization\",\"@id\":\"https:\/\/taxense.hu\/#organization\",\"name\":\"TAXENSE\",\"url\":\"https:\/\/taxense.hu\/\",\"logo\":{\"@type\":\"ImageObject\",\"inLanguage\":\"en-GB\",\"@id\":\"https:\/\/taxense.hu\/#\/schema\/logo\/image\/\",\"url\":\"https:\/\/taxense.hu\/wp-content\/uploads\/2021\/09\/taxense_logo_72dp_uj2.png\",\"contentUrl\":\"https:\/\/taxense.hu\/wp-content\/uploads\/2021\/09\/taxense_logo_72dp_uj2.png\",\"width\":204,\"height\":64,\"caption\":\"TAXENSE\"},\"image\":{\"@id\":\"https:\/\/taxense.hu\/#\/schema\/logo\/image\/\"},\"sameAs\":[\"https:\/\/www.facebook.com\/TaxenseConsulting\",\"https:\/\/www.instagram.com\/taxenseconsulting\/\",\"https:\/\/www.linkedin.com\/company\/taxenseconsulting\/about\/\"]},{\"@type\":\"Person\",\"@id\":\"https:\/\/taxense.hu\/#\/schema\/person\/79562aabdb95e5ffe5dc64436550bba6\",\"name\":\"taxense\",\"image\":{\"@type\":\"ImageObject\",\"inLanguage\":\"en-GB\",\"@id\":\"https:\/\/taxense.hu\/#\/schema\/person\/image\/\",\"url\":\"https:\/\/secure.gravatar.com\/avatar\/a9ba9699866ef130c54e608377e982ada98107aeaba719b3d6f8b1ddb5a0b8da?s=96&d=mm&r=g\",\"contentUrl\":\"https:\/\/secure.gravatar.com\/avatar\/a9ba9699866ef130c54e608377e982ada98107aeaba719b3d6f8b1ddb5a0b8da?s=96&d=mm&r=g\",\"caption\":\"taxense\"},\"url\":\"https:\/\/taxense.hu\/en\/author\/taxense\/\"}]}<\/script>\n<!-- \/ Yoast SEO plugin. -->","yoast_head_json":{"title":"CSOMBORN\u00c9 J\u00d3ZSA RITA (B\u00e9r - TB \u00e9s munka\u00fcgyi referens) - TAXENSE","robots":{"index":"index","follow":"follow","max-snippet":"max-snippet:-1","max-image-preview":"max-image-preview:large","max-video-preview":"max-video-preview:-1"},"canonical":"https:\/\/taxense.hu\/en\/ber-tb-hr\/ber-tb-hr-berszamfejtes-munkaugy-munkavallalo-munkaltato\/","og_locale":"en_GB","og_type":"article","og_title":"CSOMBORN\u00c9 J\u00d3ZSA RITA (B\u00e9r - TB \u00e9s munka\u00fcgyi referens) - TAXENSE","og_description":"Ismerjen meg benn\u00fcnket, a munk\u00e1hoz \u00e9s \u00fcgyfelekhez val\u00f3 hozz\u00e1\u00e1ll\u00e1sunkat! T\u00f6bb r\u00e9szes bemutatkoz\u00f3 blogcikk sorozatunkban most Csomborn\u00e9 J\u00f3zsa Rit\u00e1n a sor, aki B\u00e9r &#8211; TB \u00e9s munka\u00fcgyi referensk\u00e9nt er\u0151s\u00edti a Taxense Consulting csapat\u00e1t. A vele k\u00e9sz\u00fclt interj\u00faban olvashatj\u00e1k t\u00f6bbek k\u00f6z\u00f6tt, hogy mi\u00e9rt fontos a j\u00f3 b\u00e9rsz\u00e1mfejt\u0151, munka\u00fcgyi referens megv\u00e1laszt\u00e1sa, \u00e9s milyen kih\u00edv\u00e1sokra sz\u00e1m\u00edthatunk 2023-ban. Mi\u00e9rt szeretsz [&hellip;]","og_url":"https:\/\/taxense.hu\/en\/ber-tb-hr\/ber-tb-hr-berszamfejtes-munkaugy-munkavallalo-munkaltato\/","og_site_name":"TAXENSE","article_publisher":"https:\/\/www.facebook.com\/TaxenseConsulting","article_published_time":"2023-03-13T11:33:57+00:00","article_modified_time":"2023-03-13T11:34:00+00:00","og_image":[{"width":1200,"height":628,"url":"https:\/\/taxense.hu\/wp-content\/uploads\/2023\/02\/Taxense-idezetes-Rita.png","type":"image\/png"}],"author":"taxense","twitter_card":"summary_large_image","twitter_misc":{"Written by":"taxense","Estimated reading time":"4 minutes"},"schema":{"@context":"https:\/\/schema.org","@graph":[{"@type":"Article","@id":"https:\/\/taxense.hu\/ber-tb-hr\/ber-tb-hr-berszamfejtes-munkaugy-munkavallalo-munkaltato\/#article","isPartOf":{"@id":"https:\/\/taxense.hu\/ber-tb-hr\/ber-tb-hr-berszamfejtes-munkaugy-munkavallalo-munkaltato\/"},"author":{"name":"taxense","@id":"https:\/\/taxense.hu\/#\/schema\/person\/79562aabdb95e5ffe5dc64436550bba6"},"headline":"CSOMBORN\u00c9 J\u00d3ZSA RITA (B\u00e9r &#8211; TB \u00e9s munka\u00fcgyi referens)","datePublished":"2023-03-13T11:33:57+00:00","dateModified":"2023-03-13T11:34:00+00:00","mainEntityOfPage":{"@id":"https:\/\/taxense.hu\/ber-tb-hr\/ber-tb-hr-berszamfejtes-munkaugy-munkavallalo-munkaltato\/"},"wordCount":861,"commentCount":0,"publisher":{"@id":"https:\/\/taxense.hu\/#organization"},"image":{"@id":"https:\/\/taxense.hu\/ber-tb-hr\/ber-tb-hr-berszamfejtes-munkaugy-munkavallalo-munkaltato\/#primaryimage"},"thumbnailUrl":"https:\/\/taxense.hu\/wp-content\/uploads\/2023\/02\/Taxense-blog-bemutatkozok-Rita.png","keywords":["b\u00e9r","b\u00e9rsz\u00e1mfejt\u00e9s","HR","munka\u00fcgy","munkav\u00e1llal\u00f3","tb"],"articleSection":["b\u00e9r-TB-HR"],"inLanguage":"en-GB","potentialAction":[{"@type":"CommentAction","name":"Comment","target":["https:\/\/taxense.hu\/ber-tb-hr\/ber-tb-hr-berszamfejtes-munkaugy-munkavallalo-munkaltato\/#respond"]}]},{"@type":"WebPage","@id":"https:\/\/taxense.hu\/ber-tb-hr\/ber-tb-hr-berszamfejtes-munkaugy-munkavallalo-munkaltato\/","url":"https:\/\/taxense.hu\/ber-tb-hr\/ber-tb-hr-berszamfejtes-munkaugy-munkavallalo-munkaltato\/","name":"CSOMBORN\u00c9 J\u00d3ZSA RITA (B\u00e9r - TB \u00e9s munka\u00fcgyi referens) - TAXENSE","isPartOf":{"@id":"https:\/\/taxense.hu\/#website"},"primaryImageOfPage":{"@id":"https:\/\/taxense.hu\/ber-tb-hr\/ber-tb-hr-berszamfejtes-munkaugy-munkavallalo-munkaltato\/#primaryimage"},"image":{"@id":"https:\/\/taxense.hu\/ber-tb-hr\/ber-tb-hr-berszamfejtes-munkaugy-munkavallalo-munkaltato\/#primaryimage"},"thumbnailUrl":"https:\/\/taxense.hu\/wp-content\/uploads\/2023\/02\/Taxense-blog-bemutatkozok-Rita.png","datePublished":"2023-03-13T11:33:57+00:00","dateModified":"2023-03-13T11:34:00+00:00","breadcrumb":{"@id":"https:\/\/taxense.hu\/ber-tb-hr\/ber-tb-hr-berszamfejtes-munkaugy-munkavallalo-munkaltato\/#breadcrumb"},"inLanguage":"en-GB","potentialAction":[{"@type":"ReadAction","target":["https:\/\/taxense.hu\/ber-tb-hr\/ber-tb-hr-berszamfejtes-munkaugy-munkavallalo-munkaltato\/"]}]},{"@type":"ImageObject","inLanguage":"en-GB","@id":"https:\/\/taxense.hu\/ber-tb-hr\/ber-tb-hr-berszamfejtes-munkaugy-munkavallalo-munkaltato\/#primaryimage","url":"https:\/\/taxense.hu\/wp-content\/uploads\/2023\/02\/Taxense-blog-bemutatkozok-Rita.png","contentUrl":"https:\/\/taxense.hu\/wp-content\/uploads\/2023\/02\/Taxense-blog-bemutatkozok-Rita.png","width":1080,"height":1080},{"@type":"BreadcrumbList","@id":"https:\/\/taxense.hu\/ber-tb-hr\/ber-tb-hr-berszamfejtes-munkaugy-munkavallalo-munkaltato\/#breadcrumb","itemListElement":[{"@type":"ListItem","position":1,"name":"Kezd\u0151lap","item":"https:\/\/taxense.hu\/"},{"@type":"ListItem","position":2,"name":"CSOMBORN\u00c9 J\u00d3ZSA RITA (B\u00e9r &#8211; TB \u00e9s munka\u00fcgyi referens)"}]},{"@type":"WebSite","@id":"https:\/\/taxense.hu\/#website","url":"https:\/\/taxense.hu\/","name":"TAXENSE","description":"CONSULTING","publisher":{"@id":"https:\/\/taxense.hu\/#organization"},"potentialAction":[{"@type":"SearchAction","target":{"@type":"EntryPoint","urlTemplate":"https:\/\/taxense.hu\/?s={search_term_string}"},"query-input":{"@type":"PropertyValueSpecification","valueRequired":true,"valueName":"search_term_string"}}],"inLanguage":"en-GB"},{"@type":"Organization","@id":"https:\/\/taxense.hu\/#organization","name":"TAXENSE","url":"https:\/\/taxense.hu\/","logo":{"@type":"ImageObject","inLanguage":"en-GB","@id":"https:\/\/taxense.hu\/#\/schema\/logo\/image\/","url":"https:\/\/taxense.hu\/wp-content\/uploads\/2021\/09\/taxense_logo_72dp_uj2.png","contentUrl":"https:\/\/taxense.hu\/wp-content\/uploads\/2021\/09\/taxense_logo_72dp_uj2.png","width":204,"height":64,"caption":"TAXENSE"},"image":{"@id":"https:\/\/taxense.hu\/#\/schema\/logo\/image\/"},"sameAs":["https:\/\/www.facebook.com\/TaxenseConsulting","https:\/\/www.instagram.com\/taxenseconsulting\/","https:\/\/www.linkedin.com\/company\/taxenseconsulting\/about\/"]},{"@type":"Person","@id":"https:\/\/taxense.hu\/#\/schema\/person\/79562aabdb95e5ffe5dc64436550bba6","name":"taxense","image":{"@type":"ImageObject","inLanguage":"en-GB","@id":"https:\/\/taxense.hu\/#\/schema\/person\/image\/","url":"https:\/\/secure.gravatar.com\/avatar\/a9ba9699866ef130c54e608377e982ada98107aeaba719b3d6f8b1ddb5a0b8da?s=96&d=mm&r=g","contentUrl":"https:\/\/secure.gravatar.com\/avatar\/a9ba9699866ef130c54e608377e982ada98107aeaba719b3d6f8b1ddb5a0b8da?s=96&d=mm&r=g","caption":"taxense"},"url":"https:\/\/taxense.hu\/en\/author\/taxense\/"}]}},"_links":{"self":[{"href":"https:\/\/taxense.hu\/en\/wp-json\/wp\/v2\/posts\/4504","targetHints":{"allow":["GET"]}}],"collection":[{"href":"https:\/\/taxense.hu\/en\/wp-json\/wp\/v2\/posts"}],"about":[{"href":"https:\/\/taxense.hu\/en\/wp-json\/wp\/v2\/types\/post"}],"author":[{"embeddable":true,"href":"https:\/\/taxense.hu\/en\/wp-json\/wp\/v2\/users\/3"}],"replies":[{"embeddable":true,"href":"https:\/\/taxense.hu\/en\/wp-json\/wp\/v2\/comments?post=4504"}],"version-history":[{"count":1,"href":"https:\/\/taxense.hu\/en\/wp-json\/wp\/v2\/posts\/4504\/revisions"}],"predecessor-version":[{"id":4505,"href":"https:\/\/taxense.hu\/en\/wp-json\/wp\/v2\/posts\/4504\/revisions\/4505"}],"wp:featuredmedia":[{"embeddable":true,"href":"https:\/\/taxense.hu\/en\/wp-json\/wp\/v2\/media\/4492"}],"wp:attachment":[{"href":"https:\/\/taxense.hu\/en\/wp-json\/wp\/v2\/media?parent=4504"}],"wp:term":[{"taxonomy":"category","embeddable":true,"href":"https:\/\/taxense.hu\/en\/wp-json\/wp\/v2\/categories?post=4504"},{"taxonomy":"post_tag","embeddable":true,"href":"https:\/\/taxense.hu\/en\/wp-json\/wp\/v2\/tags?post=4504"}],"curies":[{"name":"wp","href":"https:\/\/api.w.org\/{rel}","templated":true}]}}