{"id":4501,"date":"2023-03-03T11:38:07","date_gmt":"2023-03-03T10:38:07","guid":{"rendered":"https:\/\/taxense.hu\/?p=4501"},"modified":"2023-03-03T11:38:10","modified_gmt":"2023-03-03T10:38:10","slug":"talyan-andrea-konyvvizsgal-adoszakerto-mentor-ado-taxense","status":"publish","type":"post","link":"https:\/\/taxense.hu\/en\/tanacsadas\/talyan-andrea-konyvvizsgal-adoszakerto-mentor-ado-taxense\/","title":{"rendered":"<strong>TALY\u00c1N ANDREA (\u00fcgyvezet\u0151, bejegyzett k\u00f6nyvvizsg\u00e1l\u00f3, ad\u00f3szak\u00e9rt\u0151)<\/strong>"},"content":{"rendered":"<h2 class=\"wp-block-heading\">Ismerjen meg benn\u00fcnket, a munk\u00e1hoz \u00e9s \u00fcgyfelekhez val\u00f3 hozz\u00e1\u00e1ll\u00e1sunkat!<\/h2>\n\n\n\n<p>T\u00f6bb r\u00e9szes bemutatkoz\u00f3 blogcikk sorozatunkban els\u0151k\u00e9nt az alap\u00edt\u00f3 tulajdonos \u00e9s c\u00e9gvezet\u0151 Taly\u00e1n Andre\u00e1val k\u00e9sz\u00fclt interj\u00faban olvashatj\u00e1k milyen \u00e9rt\u00e9keket vallunk, milyen sz\u00e1munkra egy \u00fcgyf\u00e9lkapcsolati viszony \u00e9s mi\u00e9rt is kulcsfontoss\u00e1g\u00fa egy j\u00f3 k\u00f6nyvel\u0151 megv\u00e1laszt\u00e1sa.<\/p>\n\n\n\n<h2 class=\"wp-block-heading\"><strong>Mi\u00f3ta dolgozol a Taxense-n\u00e9l?<\/strong><\/h2>\n\n\n\n<p>Alap\u00edt\u00f3 tagk\u00e9nt 2009. december 14. \u00f3ta dolgozom a c\u00e9gn\u00e9l.<\/p>\n\n\n\n<h2 class=\"wp-block-heading\"><strong>H\u00e1ny \u00e9ves p\u00e9nz\u00fcgyi\/sz\u00e1mviteli\/k\u00f6nyvel\u0151i tapasztalattal rendelkezel?<\/strong><\/h2>\n\n\n\n<p>25 \u00e9ve foglalkozom sz\u00e1mvitellel \u00e9s ad\u00f3z\u00e1ssal, \u00e9s 15 \u00e9ve m\u00e1r k\u00f6nyvvizsg\u00e1lattal is.<\/p>\n\n\n\n<h2 class=\"wp-block-heading\"><strong>Mi\u00e9rt szeretsz itt dolgozni?<\/strong><\/h2>\n\n\n\n<p>Nagyon v\u00e1ltozatosak a h\u00e9tk\u00f6znapok a k\u00fcl\u00f6nb\u00f6z\u0151 \u00f6sszet\u00e9tel\u0171 \u00fcgyf\u00e9lk\u00f6rnek k\u00f6sz\u00f6nhet\u0151en, \u00e1ltal\u00e1ban az \u00fcgyfelek \u00e9s ipar\u00e1gak sz\u00e9les sk\u00e1l\u00e1j\u00e1val dolgozom, ami \u00e9rdekess\u00e9 teszi a munk\u00e1m. Nagy \u00f6n\u00e1ll\u00f3s\u00e1ggal \u00e9s f\u00fcggetlens\u00e9ggel rendelkezem \u00e9s szeretem a rugalmass\u00e1got is, hiszen egyid\u0151ben t\u00f6bbf\u00e9le projekten is dolgozhatok. Rendszeresen pr\u00f3b\u00e1ra tehetem a j\u00f3 probl\u00e9mamegold\u00f3 k\u00e9pess\u00e9gem, \u00f6sszetett probl\u00e9m\u00e1kra ny\u00fajthatok megold\u00e1sokat mik\u00f6zben az \u00fczleti ismereteim folyamatosan b\u0151v\u00fclnek.\u00a0 Mindezek mellett itt biztos\u00edtott a szem\u00e9lyes \u00e9s szakmai fejl\u0151d\u00e9sem egyar\u00e1nt.<\/p>\n\n\n\n<h2 class=\"wp-block-heading\"><strong>Szerinted mi a legfontosabb egy \u00fcgyf\u00e9lkapcsolati viszonyban?<\/strong><\/h2>\n\n\n\n<p>Fontosnak tartom, hogy az \u00fcgyfeleimmel egy nyelvet besz\u00e9lj\u00fcnk, minden sz\u00fcks\u00e9ges inform\u00e1ci\u00f3t megkapjak egy adott \u00fcggyel kapcsolatban, hisz ezek birtok\u00e1ban tudok igaz\u00e1n j\u00f3 tan\u00e1csod adni. Min\u00e9l t\u00f6bbet tudok az \u00fcgyfeleimr\u0151l, ann\u00e1l ink\u00e1bb tudok az \u0151 fej\u00fckkel is gondolkodni. Igyekszem mindent megtenni egy \u00fcgy\u00e9rt, amit csak lehet, ha rajtam t\u00falmutat, akkor seg\u00edtek megkeresni a megfelel\u0151 szak\u00e9rt\u0151g\u00e1rd\u00e1t.<\/p>\n\n\n\n<h2 class=\"wp-block-heading\"><strong>Szerinted mik lesznek 2023 legfontosabb k\u00f6nyvviteli kih\u00edv\u00e1sai?<\/strong><\/h2>\n\n\n\n<p>A v\u00e1ltoz\u00f3 t\u00f6rv\u00e9nyeknek \u00e9s szab\u00e1lyoz\u00e1soknak val\u00f3 megfelel\u00e9s, nagy mennyis\u00e9g\u0171 p\u00e9nz\u00fcgyi adat kezel\u00e9se \u00e9s elemz\u00e9se, pontos nyilv\u00e1ntart\u00e1sok vezet\u00e9se, a c\u00e9gek likvidit\u00e1si helyzet\u00e9nek kiemelt figyelemmel k\u00eds\u00e9r\u00e9se, valamint a csal\u00e1sok felismer\u00e9se \u00e9s megel\u0151z\u00e9se.<\/p>\n\n\n\n<h2 class=\"wp-block-heading\"><strong>Szerinted mi\u00e9rt fontos a j\u00f3 k\u00f6nyvel\u0151 megv\u00e1laszt\u00e1sa?<\/strong><\/h2>\n\n\n\n<p>T\u00f6bb okb\u00f3l is fontos a j\u00f3 k\u00f6nyvel\u0151 megv\u00e1laszt\u00e1sa:<\/p>\n\n\n\n<ul class=\"wp-block-list\">\n<li>a j\u00f3 k\u00f6nyvel\u0151 biztos\u00edtja, hogy \u00fcgyfele v\u00e1llalkoz\u00e1sa megfeleljen az \u00f6sszes vonatkoz\u00f3 t\u00f6rv\u00e9nynek \u00e9s el\u0151\u00edr\u00e1snak, ami seg\u00edthet elker\u00fclni a k\u00f6lts\u00e9ges b\u00edrs\u00e1gokat \u00e9s b\u00fcntet\u00e9seket. (megfelel\u00e9s)<\/li>\n\n\n\n<li>seg\u00edt minimaliz\u00e1lni az ad\u00f3k\u00f6telezetts\u00e9get az\u00e1ltal, hogy ad\u00f3tervez\u00e9si szolg\u00e1ltat\u00e1sokat ny\u00fajt \u00e9s azonos\u00edtja az ad\u00f3megtakar\u00edt\u00e1si lehet\u0151s\u00e9geket (ad\u00f3tervez\u00e9s)<\/li>\n\n\n\n<li>seg\u00edti megb\u00edz\u00f3j\u00e1t a pontos \u00e9s id\u0151szer\u0171 p\u00e9nz\u00fcgyi kimutat\u00e1sok elk\u00e9sz\u00edt\u00e9s\u00e9ben, amelyek elengedhetetlenek a v\u00e1llalkoz\u00e1sok ir\u00e1ny\u00edt\u00e1s\u00e1hoz \u00e9s a megalapozott d\u00f6nt\u00e9sek meghozatal\u00e1hoz. (p\u00e9nz\u00fcgyi besz\u00e1mol\u00e1s)<\/li>\n\n\n\n<li>\u00e9rt\u00e9kes \u00fczleti tan\u00e1csad\u00e1st \u00e9s t\u00e1mogat\u00e1st ny\u00fajthat, pl. seg\u00edthet a k\u00f6lts\u00e9gvet\u00e9s \u00f6ssze\u00e1ll\u00edt\u00e1s\u00e1ban, az el\u0151rejelz\u00e9sben \u00e9s a strat\u00e9giai tervez\u00e9sben. (\u00fczleti tan\u00e1csad\u00e1s)<\/li>\n\n\n\n<li>seg\u00edthet a csal\u00e1sok felismer\u00e9s\u00e9ben \u00e9s megel\u0151z\u00e9s\u00e9ben a bels\u0151 ellen\u0151rz\u00e9sek (folyamatba \u00e9p\u00edtett ellen\u0151rz\u00e9sek) bevezet\u00e9s\u00e9vel \u00e9s rendszeres p\u00e9nz\u00fcgyi ellen\u0151rz\u00e9sekkel. (csal\u00e1smegel\u0151z\u00e9s)<\/li>\n\n\n\n<li>id\u0151t \u00e9s p\u00e9nzt takar\u00edthat meg \u00e9s seg\u00edthet jobb \u00fczleti d\u00f6nt\u00e9seket hozni<\/li>\n<\/ul>\n\n\n\n<h2 class=\"wp-block-heading\"><strong>Folyamatosan k\u00e9pzitek magatokat a v\u00e1llalatn\u00e1l: milyen szakmai k\u00e9pz\u00e9st v\u00e9gezt\u00e9l az elm\u00falt \u00e9vben? Szerinted ez a tud\u00e1s miben t\u00e1mogatja az \u00fcgyfeleidet?<\/strong><\/h2>\n\n\n\n<p>Fontos sz\u00e1momra, hogy azokon a szakmai k\u00e9pz\u00e9seken t\u00fal, melyeket elengedhetetlennek tartok a sz\u00e1mviteli \u00e9s ad\u00f3z\u00e1si szakemberek naprak\u00e9sz ismereteinek biztos\u00edt\u00e1s\u00e1hoz, minden \u00e9vben b\u0151v\u00edtsem tud\u00e1somat a szakm\u00e1hoz vagy \u00fczleti \u00e9lethez kapcsol\u00f3d\u00f3 egy\u00e9b ismeretekkel is. \u00c9pp ez\u00e9rt esett a v\u00e1laszt\u00e1som a tavalyi \u00e9v v\u00e9g\u00e9n a Vissza\u00e9l\u00e9s v\u00e9delmi koordin\u00e1tori k\u00e9pz\u00e9sre, melyr\u0151l 100%-os vizsgaeredm\u00e9nnyel z\u00e1rt tan\u00fas\u00edtv\u00e1nyt szereztem. Hogyan is kapcsol\u00f3dik ez a szakm\u00e1mhoz? Szorosabban, mint gondoln\u00e1nk, mivel egy gazd\u00e1lkod\u00f3 szervezetnek a napi m\u0171k\u00f6d\u00e9se sor\u00e1n sz\u00e1mtalan k\u00f6telezetts\u00e9gnek kell eleget tennie. Ezek egy r\u00e9sz\u00e9nek nem, vagy nem megfelel\u0151en t\u00f6rt\u00e9n\u0151 teljes\u00edt\u00e9se b\u00fcntet\u0151jogi k\u00f6vetkezm\u00e9nyeket vonhat maga ut\u00e1n. Mindezek ellen\u00e9re a gazd\u00e1lkod\u00f3k jelent\u0151s r\u00e9sze nincs tiszt\u00e1ban azzal, hogy az egyes k\u00f6telezetts\u00e9gek nem teljes\u00edt\u00e9s\u00e9hez mely esetekben \u00e9s milyen b\u00fcntet\u0151jogi k\u00f6vetkezm\u00e9nyek kapcsol\u00f3dnak. \u00dagy gondolom elengedhetetlen egy gazd\u00e1lkod\u00f3 szervezetben ennek ismerete, mely alkalmass\u00e1 teszi a t\u00e1rsas\u00e1g m\u0171k\u00f6d\u00e9s\u00e9hez, ir\u00e1ny\u00edt\u00e1s\u00e1hoz kapcsol\u00f3d\u00f3 kock\u00e1zatok azonos\u00edt\u00e1s\u00e1t \u00e9s kezel\u00e9s\u00e9t. Mindemellett a v\u00e1llalkoz\u00e1sok egyre fokozottabban ki vannak t\u00e9ve annak, hogy s\u00e9relm\u00fckre b\u0171ncselekm\u00e9nyt k\u00f6vessenek el, \u00e9s ez\u00e1ltal jelent\u0151s k\u00e1rt szenvedjenek. A vissza\u00e9l\u00e9s v\u00e9delmi koordin\u00e1tor ismeri a gazd\u00e1lkod\u00f3 egys\u00e9gek b\u00fcntet\u0151jogi kock\u00e1zat\u00e1nak rendszer\u00e9t \u00e9s a kock\u00e1zatok kezel\u00e9s\u00e9nek alapjait. Tiszt\u00e1ban van azzal, hogy milyen jogaik \u00e9s k\u00f6telezetts\u00e9geik vannak a gazdas\u00e1gi t\u00e1rsas\u00e1goknak egy b\u00fcntet\u0151elj\u00e1r\u00e1sban, \u00e9s hogy milyen b\u00fcntet\u0151jogi eszk\u00f6z\u00f6k vannak a jogaik \u00e9rv\u00e9nyes\u00edt\u00e9se \u00e9rdek\u00e9ben. C\u00e9l a megel\u0151z\u00e9s \u00e9s az \u00fczleti kock\u00e1zatok m\u00e9rs\u00e9kl\u00e9se. Ezzel a tud\u00e1ssal is csak b\u0151v\u00edtj\u00fck szakmai hozz\u00e1\u00e9rt\u00e9s\u00fcnket \u00fcgyfeleink gazdas\u00e1gi t\u00e1mogat\u00e1sa sor\u00e1n.<\/p>","protected":false},"excerpt":{"rendered":"<p>Ismerjen meg benn\u00fcnket, a munk\u00e1hoz \u00e9s \u00fcgyfelekhez val\u00f3 hozz\u00e1\u00e1ll\u00e1sunkat! T\u00f6bb r\u00e9szes bemutatkoz\u00f3 blogcikk sorozatunkban els\u0151k\u00e9nt az alap\u00edt\u00f3 tulajdonos \u00e9s c\u00e9gvezet\u0151 Taly\u00e1n Andre\u00e1val k\u00e9sz\u00fclt interj\u00faban olvashatj\u00e1k milyen \u00e9rt\u00e9keket vallunk, milyen sz\u00e1munkra egy \u00fcgyf\u00e9lkapcsolati viszony \u00e9s mi\u00e9rt is kulcsfontoss\u00e1g\u00fa egy j\u00f3 k\u00f6nyvel\u0151 megv\u00e1laszt\u00e1sa. Mi\u00f3ta dolgozol a Taxense-n\u00e9l? Alap\u00edt\u00f3 tagk\u00e9nt 2009. december 14. \u00f3ta dolgozom a c\u00e9gn\u00e9l. H\u00e1ny [&hellip;]<\/p>","protected":false},"author":3,"featured_media":4490,"comment_status":"open","ping_status":"open","sticky":false,"template":"","format":"standard","meta":{"_acf_changed":false,"site-sidebar-layout":"default","site-content-layout":"","ast-site-content-layout":"default","site-content-style":"default","site-sidebar-style":"default","ast-global-header-display":"","ast-banner-title-visibility":"","ast-main-header-display":"","ast-hfb-above-header-display":"","ast-hfb-below-header-display":"","ast-hfb-mobile-header-display":"","site-post-title":"","ast-breadcrumbs-content":"","ast-featured-img":"","footer-sml-layout":"","ast-disable-related-posts":"","theme-transparent-header-meta":"","adv-header-id-meta":"","stick-header-meta":"","header-above-stick-meta":"","header-main-stick-meta":"","header-below-stick-meta":"","astra-migrate-meta-layouts":"default","ast-page-background-enabled":"default","ast-page-background-meta":{"desktop":{"background-color":"var(--ast-global-color-4)","background-image":"","background-repeat":"repeat","background-position":"center center","background-size":"auto","background-attachment":"scroll","background-type":"","background-media":"","overlay-type":"","overlay-color":"","overlay-opacity":"","overlay-gradient":""},"tablet":{"background-color":"","background-image":"","background-repeat":"repeat","background-position":"center center","background-size":"auto","background-attachment":"scroll","background-type":"","background-media":"","overlay-type":"","overlay-color":"","overlay-opacity":"","overlay-gradient":""},"mobile":{"background-color":"","background-image":"","background-repeat":"repeat","background-position":"center center","background-size":"auto","background-attachment":"scroll","background-type":"","background-media":"","overlay-type":"","overlay-color":"","overlay-opacity":"","overlay-gradient":""}},"ast-content-background-meta":{"desktop":{"background-color":"var(--ast-global-color-5)","background-image":"","background-repeat":"repeat","background-position":"center center","background-size":"auto","background-attachment":"scroll","background-type":"","background-media":"","overlay-type":"","overlay-color":"","overlay-opacity":"","overlay-gradient":""},"tablet":{"background-color":"var(--ast-global-color-5)","background-image":"","background-repeat":"repeat","background-position":"center center","background-size":"auto","background-attachment":"scroll","background-type":"","background-media":"","overlay-type":"","overlay-color":"","overlay-opacity":"","overlay-gradient":""},"mobile":{"background-color":"var(--ast-global-color-5)","background-image":"","background-repeat":"repeat","background-position":"center center","background-size":"auto","background-attachment":"scroll","background-type":"","background-media":"","overlay-type":"","overlay-color":"","overlay-opacity":"","overlay-gradient":""}},"footnotes":""},"categories":[76],"tags":[47,91,90,89,88],"class_list":["post-4501","post","type-post","status-publish","format-standard","has-post-thumbnail","hentry","category-tanacsadas","tag-ado","tag-adoszakerto","tag-konyvvizsgal","tag-mentor","tag-talyan-andrea"],"acf":[],"yoast_head":"<!-- This site is optimized with the Yoast SEO plugin v26.7 - https:\/\/yoast.com\/wordpress\/plugins\/seo\/ -->\n<title>TALY\u00c1N ANDREA (\u00fcgyvezet\u0151, bejegyzett k\u00f6nyvvizsg\u00e1l\u00f3, ad\u00f3szak\u00e9rt\u0151) - TAXENSE<\/title>\n<meta name=\"robots\" content=\"index, follow, max-snippet:-1, max-image-preview:large, max-video-preview:-1\" \/>\n<link rel=\"canonical\" href=\"https:\/\/taxense.hu\/en\/tanacsadas\/talyan-andrea-konyvvizsgal-adoszakerto-mentor-ado-taxense\/\" \/>\n<meta property=\"og:locale\" content=\"en_GB\" \/>\n<meta property=\"og:type\" content=\"article\" \/>\n<meta property=\"og:title\" content=\"TALY\u00c1N ANDREA (\u00fcgyvezet\u0151, bejegyzett k\u00f6nyvvizsg\u00e1l\u00f3, ad\u00f3szak\u00e9rt\u0151) - TAXENSE\" \/>\n<meta property=\"og:description\" content=\"Ismerjen meg benn\u00fcnket, a munk\u00e1hoz \u00e9s \u00fcgyfelekhez val\u00f3 hozz\u00e1\u00e1ll\u00e1sunkat! T\u00f6bb r\u00e9szes bemutatkoz\u00f3 blogcikk sorozatunkban els\u0151k\u00e9nt az alap\u00edt\u00f3 tulajdonos \u00e9s c\u00e9gvezet\u0151 Taly\u00e1n Andre\u00e1val k\u00e9sz\u00fclt interj\u00faban olvashatj\u00e1k milyen \u00e9rt\u00e9keket vallunk, milyen sz\u00e1munkra egy \u00fcgyf\u00e9lkapcsolati viszony \u00e9s mi\u00e9rt is kulcsfontoss\u00e1g\u00fa egy j\u00f3 k\u00f6nyvel\u0151 megv\u00e1laszt\u00e1sa. Mi\u00f3ta dolgozol a Taxense-n\u00e9l? Alap\u00edt\u00f3 tagk\u00e9nt 2009. december 14. \u00f3ta dolgozom a c\u00e9gn\u00e9l. H\u00e1ny [&hellip;]\" \/>\n<meta property=\"og:url\" content=\"https:\/\/taxense.hu\/en\/tanacsadas\/talyan-andrea-konyvvizsgal-adoszakerto-mentor-ado-taxense\/\" \/>\n<meta property=\"og:site_name\" content=\"TAXENSE\" \/>\n<meta property=\"article:publisher\" content=\"https:\/\/www.facebook.com\/TaxenseConsulting\" \/>\n<meta property=\"article:published_time\" content=\"2023-03-03T10:38:07+00:00\" \/>\n<meta property=\"article:modified_time\" content=\"2023-03-03T10:38:10+00:00\" \/>\n<meta property=\"og:image\" content=\"https:\/\/taxense.hu\/wp-content\/uploads\/2023\/02\/Taxense-idezetes-Andi.png\" \/>\n\t<meta property=\"og:image:width\" content=\"1200\" \/>\n\t<meta property=\"og:image:height\" content=\"628\" \/>\n\t<meta property=\"og:image:type\" content=\"image\/png\" \/>\n<meta name=\"author\" content=\"taxense\" \/>\n<meta name=\"twitter:card\" content=\"summary_large_image\" \/>\n<meta name=\"twitter:label1\" content=\"Written by\" \/>\n\t<meta name=\"twitter:data1\" content=\"taxense\" \/>\n\t<meta name=\"twitter:label2\" content=\"Estimated reading time\" \/>\n\t<meta name=\"twitter:data2\" content=\"5 minutes\" \/>\n<script type=\"application\/ld+json\" class=\"yoast-schema-graph\">{\"@context\":\"https:\/\/schema.org\",\"@graph\":[{\"@type\":\"Article\",\"@id\":\"https:\/\/taxense.hu\/tanacsadas\/talyan-andrea-konyvvizsgal-adoszakerto-mentor-ado-taxense\/#article\",\"isPartOf\":{\"@id\":\"https:\/\/taxense.hu\/tanacsadas\/talyan-andrea-konyvvizsgal-adoszakerto-mentor-ado-taxense\/\"},\"author\":{\"name\":\"taxense\",\"@id\":\"https:\/\/taxense.hu\/#\/schema\/person\/79562aabdb95e5ffe5dc64436550bba6\"},\"headline\":\"TALY\u00c1N ANDREA (\u00fcgyvezet\u0151, bejegyzett k\u00f6nyvvizsg\u00e1l\u00f3, ad\u00f3szak\u00e9rt\u0151)\",\"datePublished\":\"2023-03-03T10:38:07+00:00\",\"dateModified\":\"2023-03-03T10:38:10+00:00\",\"mainEntityOfPage\":{\"@id\":\"https:\/\/taxense.hu\/tanacsadas\/talyan-andrea-konyvvizsgal-adoszakerto-mentor-ado-taxense\/\"},\"wordCount\":1013,\"commentCount\":0,\"publisher\":{\"@id\":\"https:\/\/taxense.hu\/#organization\"},\"image\":{\"@id\":\"https:\/\/taxense.hu\/tanacsadas\/talyan-andrea-konyvvizsgal-adoszakerto-mentor-ado-taxense\/#primaryimage\"},\"thumbnailUrl\":\"https:\/\/taxense.hu\/wp-content\/uploads\/2023\/02\/Taxense-blog-bemutatkozok-Andi.png\",\"keywords\":[\"ad\u00f3\",\"ad\u00f3szak\u00e9rt\u0151\",\"k\u00f6nyvvizsg\u00e1l\",\"mentor\",\"Taly\u00e1n Andrea\"],\"articleSection\":[\"tan\u00e1csad\u00e1s\"],\"inLanguage\":\"en-GB\",\"potentialAction\":[{\"@type\":\"CommentAction\",\"name\":\"Comment\",\"target\":[\"https:\/\/taxense.hu\/tanacsadas\/talyan-andrea-konyvvizsgal-adoszakerto-mentor-ado-taxense\/#respond\"]}]},{\"@type\":\"WebPage\",\"@id\":\"https:\/\/taxense.hu\/tanacsadas\/talyan-andrea-konyvvizsgal-adoszakerto-mentor-ado-taxense\/\",\"url\":\"https:\/\/taxense.hu\/tanacsadas\/talyan-andrea-konyvvizsgal-adoszakerto-mentor-ado-taxense\/\",\"name\":\"TALY\u00c1N ANDREA (\u00fcgyvezet\u0151, bejegyzett k\u00f6nyvvizsg\u00e1l\u00f3, ad\u00f3szak\u00e9rt\u0151) - TAXENSE\",\"isPartOf\":{\"@id\":\"https:\/\/taxense.hu\/#website\"},\"primaryImageOfPage\":{\"@id\":\"https:\/\/taxense.hu\/tanacsadas\/talyan-andrea-konyvvizsgal-adoszakerto-mentor-ado-taxense\/#primaryimage\"},\"image\":{\"@id\":\"https:\/\/taxense.hu\/tanacsadas\/talyan-andrea-konyvvizsgal-adoszakerto-mentor-ado-taxense\/#primaryimage\"},\"thumbnailUrl\":\"https:\/\/taxense.hu\/wp-content\/uploads\/2023\/02\/Taxense-blog-bemutatkozok-Andi.png\",\"datePublished\":\"2023-03-03T10:38:07+00:00\",\"dateModified\":\"2023-03-03T10:38:10+00:00\",\"breadcrumb\":{\"@id\":\"https:\/\/taxense.hu\/tanacsadas\/talyan-andrea-konyvvizsgal-adoszakerto-mentor-ado-taxense\/#breadcrumb\"},\"inLanguage\":\"en-GB\",\"potentialAction\":[{\"@type\":\"ReadAction\",\"target\":[\"https:\/\/taxense.hu\/tanacsadas\/talyan-andrea-konyvvizsgal-adoszakerto-mentor-ado-taxense\/\"]}]},{\"@type\":\"ImageObject\",\"inLanguage\":\"en-GB\",\"@id\":\"https:\/\/taxense.hu\/tanacsadas\/talyan-andrea-konyvvizsgal-adoszakerto-mentor-ado-taxense\/#primaryimage\",\"url\":\"https:\/\/taxense.hu\/wp-content\/uploads\/2023\/02\/Taxense-blog-bemutatkozok-Andi.png\",\"contentUrl\":\"https:\/\/taxense.hu\/wp-content\/uploads\/2023\/02\/Taxense-blog-bemutatkozok-Andi.png\",\"width\":1080,\"height\":1080},{\"@type\":\"BreadcrumbList\",\"@id\":\"https:\/\/taxense.hu\/tanacsadas\/talyan-andrea-konyvvizsgal-adoszakerto-mentor-ado-taxense\/#breadcrumb\",\"itemListElement\":[{\"@type\":\"ListItem\",\"position\":1,\"name\":\"Kezd\u0151lap\",\"item\":\"https:\/\/taxense.hu\/\"},{\"@type\":\"ListItem\",\"position\":2,\"name\":\"TALY\u00c1N ANDREA (\u00fcgyvezet\u0151, bejegyzett k\u00f6nyvvizsg\u00e1l\u00f3, ad\u00f3szak\u00e9rt\u0151)\"}]},{\"@type\":\"WebSite\",\"@id\":\"https:\/\/taxense.hu\/#website\",\"url\":\"https:\/\/taxense.hu\/\",\"name\":\"TAXENSE\",\"description\":\"CONSULTING\",\"publisher\":{\"@id\":\"https:\/\/taxense.hu\/#organization\"},\"potentialAction\":[{\"@type\":\"SearchAction\",\"target\":{\"@type\":\"EntryPoint\",\"urlTemplate\":\"https:\/\/taxense.hu\/?s={search_term_string}\"},\"query-input\":{\"@type\":\"PropertyValueSpecification\",\"valueRequired\":true,\"valueName\":\"search_term_string\"}}],\"inLanguage\":\"en-GB\"},{\"@type\":\"Organization\",\"@id\":\"https:\/\/taxense.hu\/#organization\",\"name\":\"TAXENSE\",\"url\":\"https:\/\/taxense.hu\/\",\"logo\":{\"@type\":\"ImageObject\",\"inLanguage\":\"en-GB\",\"@id\":\"https:\/\/taxense.hu\/#\/schema\/logo\/image\/\",\"url\":\"https:\/\/taxense.hu\/wp-content\/uploads\/2021\/09\/taxense_logo_72dp_uj2.png\",\"contentUrl\":\"https:\/\/taxense.hu\/wp-content\/uploads\/2021\/09\/taxense_logo_72dp_uj2.png\",\"width\":204,\"height\":64,\"caption\":\"TAXENSE\"},\"image\":{\"@id\":\"https:\/\/taxense.hu\/#\/schema\/logo\/image\/\"},\"sameAs\":[\"https:\/\/www.facebook.com\/TaxenseConsulting\",\"https:\/\/www.instagram.com\/taxenseconsulting\/\",\"https:\/\/www.linkedin.com\/company\/taxenseconsulting\/about\/\"]},{\"@type\":\"Person\",\"@id\":\"https:\/\/taxense.hu\/#\/schema\/person\/79562aabdb95e5ffe5dc64436550bba6\",\"name\":\"taxense\",\"image\":{\"@type\":\"ImageObject\",\"inLanguage\":\"en-GB\",\"@id\":\"https:\/\/taxense.hu\/#\/schema\/person\/image\/\",\"url\":\"https:\/\/secure.gravatar.com\/avatar\/a9ba9699866ef130c54e608377e982ada98107aeaba719b3d6f8b1ddb5a0b8da?s=96&d=mm&r=g\",\"contentUrl\":\"https:\/\/secure.gravatar.com\/avatar\/a9ba9699866ef130c54e608377e982ada98107aeaba719b3d6f8b1ddb5a0b8da?s=96&d=mm&r=g\",\"caption\":\"taxense\"},\"url\":\"https:\/\/taxense.hu\/en\/author\/taxense\/\"}]}<\/script>\n<!-- \/ Yoast SEO plugin. -->","yoast_head_json":{"title":"TALY\u00c1N ANDREA (\u00fcgyvezet\u0151, bejegyzett k\u00f6nyvvizsg\u00e1l\u00f3, ad\u00f3szak\u00e9rt\u0151) - TAXENSE","robots":{"index":"index","follow":"follow","max-snippet":"max-snippet:-1","max-image-preview":"max-image-preview:large","max-video-preview":"max-video-preview:-1"},"canonical":"https:\/\/taxense.hu\/en\/tanacsadas\/talyan-andrea-konyvvizsgal-adoszakerto-mentor-ado-taxense\/","og_locale":"en_GB","og_type":"article","og_title":"TALY\u00c1N ANDREA (\u00fcgyvezet\u0151, bejegyzett k\u00f6nyvvizsg\u00e1l\u00f3, ad\u00f3szak\u00e9rt\u0151) - TAXENSE","og_description":"Ismerjen meg benn\u00fcnket, a munk\u00e1hoz \u00e9s \u00fcgyfelekhez val\u00f3 hozz\u00e1\u00e1ll\u00e1sunkat! T\u00f6bb r\u00e9szes bemutatkoz\u00f3 blogcikk sorozatunkban els\u0151k\u00e9nt az alap\u00edt\u00f3 tulajdonos \u00e9s c\u00e9gvezet\u0151 Taly\u00e1n Andre\u00e1val k\u00e9sz\u00fclt interj\u00faban olvashatj\u00e1k milyen \u00e9rt\u00e9keket vallunk, milyen sz\u00e1munkra egy \u00fcgyf\u00e9lkapcsolati viszony \u00e9s mi\u00e9rt is kulcsfontoss\u00e1g\u00fa egy j\u00f3 k\u00f6nyvel\u0151 megv\u00e1laszt\u00e1sa. Mi\u00f3ta dolgozol a Taxense-n\u00e9l? Alap\u00edt\u00f3 tagk\u00e9nt 2009. december 14. \u00f3ta dolgozom a c\u00e9gn\u00e9l. H\u00e1ny [&hellip;]","og_url":"https:\/\/taxense.hu\/en\/tanacsadas\/talyan-andrea-konyvvizsgal-adoszakerto-mentor-ado-taxense\/","og_site_name":"TAXENSE","article_publisher":"https:\/\/www.facebook.com\/TaxenseConsulting","article_published_time":"2023-03-03T10:38:07+00:00","article_modified_time":"2023-03-03T10:38:10+00:00","og_image":[{"width":1200,"height":628,"url":"https:\/\/taxense.hu\/wp-content\/uploads\/2023\/02\/Taxense-idezetes-Andi.png","type":"image\/png"}],"author":"taxense","twitter_card":"summary_large_image","twitter_misc":{"Written by":"taxense","Estimated reading time":"5 minutes"},"schema":{"@context":"https:\/\/schema.org","@graph":[{"@type":"Article","@id":"https:\/\/taxense.hu\/tanacsadas\/talyan-andrea-konyvvizsgal-adoszakerto-mentor-ado-taxense\/#article","isPartOf":{"@id":"https:\/\/taxense.hu\/tanacsadas\/talyan-andrea-konyvvizsgal-adoszakerto-mentor-ado-taxense\/"},"author":{"name":"taxense","@id":"https:\/\/taxense.hu\/#\/schema\/person\/79562aabdb95e5ffe5dc64436550bba6"},"headline":"TALY\u00c1N ANDREA (\u00fcgyvezet\u0151, bejegyzett k\u00f6nyvvizsg\u00e1l\u00f3, ad\u00f3szak\u00e9rt\u0151)","datePublished":"2023-03-03T10:38:07+00:00","dateModified":"2023-03-03T10:38:10+00:00","mainEntityOfPage":{"@id":"https:\/\/taxense.hu\/tanacsadas\/talyan-andrea-konyvvizsgal-adoszakerto-mentor-ado-taxense\/"},"wordCount":1013,"commentCount":0,"publisher":{"@id":"https:\/\/taxense.hu\/#organization"},"image":{"@id":"https:\/\/taxense.hu\/tanacsadas\/talyan-andrea-konyvvizsgal-adoszakerto-mentor-ado-taxense\/#primaryimage"},"thumbnailUrl":"https:\/\/taxense.hu\/wp-content\/uploads\/2023\/02\/Taxense-blog-bemutatkozok-Andi.png","keywords":["ad\u00f3","ad\u00f3szak\u00e9rt\u0151","k\u00f6nyvvizsg\u00e1l","mentor","Taly\u00e1n Andrea"],"articleSection":["tan\u00e1csad\u00e1s"],"inLanguage":"en-GB","potentialAction":[{"@type":"CommentAction","name":"Comment","target":["https:\/\/taxense.hu\/tanacsadas\/talyan-andrea-konyvvizsgal-adoszakerto-mentor-ado-taxense\/#respond"]}]},{"@type":"WebPage","@id":"https:\/\/taxense.hu\/tanacsadas\/talyan-andrea-konyvvizsgal-adoszakerto-mentor-ado-taxense\/","url":"https:\/\/taxense.hu\/tanacsadas\/talyan-andrea-konyvvizsgal-adoszakerto-mentor-ado-taxense\/","name":"TALY\u00c1N ANDREA (\u00fcgyvezet\u0151, bejegyzett k\u00f6nyvvizsg\u00e1l\u00f3, ad\u00f3szak\u00e9rt\u0151) - TAXENSE","isPartOf":{"@id":"https:\/\/taxense.hu\/#website"},"primaryImageOfPage":{"@id":"https:\/\/taxense.hu\/tanacsadas\/talyan-andrea-konyvvizsgal-adoszakerto-mentor-ado-taxense\/#primaryimage"},"image":{"@id":"https:\/\/taxense.hu\/tanacsadas\/talyan-andrea-konyvvizsgal-adoszakerto-mentor-ado-taxense\/#primaryimage"},"thumbnailUrl":"https:\/\/taxense.hu\/wp-content\/uploads\/2023\/02\/Taxense-blog-bemutatkozok-Andi.png","datePublished":"2023-03-03T10:38:07+00:00","dateModified":"2023-03-03T10:38:10+00:00","breadcrumb":{"@id":"https:\/\/taxense.hu\/tanacsadas\/talyan-andrea-konyvvizsgal-adoszakerto-mentor-ado-taxense\/#breadcrumb"},"inLanguage":"en-GB","potentialAction":[{"@type":"ReadAction","target":["https:\/\/taxense.hu\/tanacsadas\/talyan-andrea-konyvvizsgal-adoszakerto-mentor-ado-taxense\/"]}]},{"@type":"ImageObject","inLanguage":"en-GB","@id":"https:\/\/taxense.hu\/tanacsadas\/talyan-andrea-konyvvizsgal-adoszakerto-mentor-ado-taxense\/#primaryimage","url":"https:\/\/taxense.hu\/wp-content\/uploads\/2023\/02\/Taxense-blog-bemutatkozok-Andi.png","contentUrl":"https:\/\/taxense.hu\/wp-content\/uploads\/2023\/02\/Taxense-blog-bemutatkozok-Andi.png","width":1080,"height":1080},{"@type":"BreadcrumbList","@id":"https:\/\/taxense.hu\/tanacsadas\/talyan-andrea-konyvvizsgal-adoszakerto-mentor-ado-taxense\/#breadcrumb","itemListElement":[{"@type":"ListItem","position":1,"name":"Kezd\u0151lap","item":"https:\/\/taxense.hu\/"},{"@type":"ListItem","position":2,"name":"TALY\u00c1N ANDREA (\u00fcgyvezet\u0151, bejegyzett k\u00f6nyvvizsg\u00e1l\u00f3, ad\u00f3szak\u00e9rt\u0151)"}]},{"@type":"WebSite","@id":"https:\/\/taxense.hu\/#website","url":"https:\/\/taxense.hu\/","name":"TAXENSE","description":"CONSULTING","publisher":{"@id":"https:\/\/taxense.hu\/#organization"},"potentialAction":[{"@type":"SearchAction","target":{"@type":"EntryPoint","urlTemplate":"https:\/\/taxense.hu\/?s={search_term_string}"},"query-input":{"@type":"PropertyValueSpecification","valueRequired":true,"valueName":"search_term_string"}}],"inLanguage":"en-GB"},{"@type":"Organization","@id":"https:\/\/taxense.hu\/#organization","name":"TAXENSE","url":"https:\/\/taxense.hu\/","logo":{"@type":"ImageObject","inLanguage":"en-GB","@id":"https:\/\/taxense.hu\/#\/schema\/logo\/image\/","url":"https:\/\/taxense.hu\/wp-content\/uploads\/2021\/09\/taxense_logo_72dp_uj2.png","contentUrl":"https:\/\/taxense.hu\/wp-content\/uploads\/2021\/09\/taxense_logo_72dp_uj2.png","width":204,"height":64,"caption":"TAXENSE"},"image":{"@id":"https:\/\/taxense.hu\/#\/schema\/logo\/image\/"},"sameAs":["https:\/\/www.facebook.com\/TaxenseConsulting","https:\/\/www.instagram.com\/taxenseconsulting\/","https:\/\/www.linkedin.com\/company\/taxenseconsulting\/about\/"]},{"@type":"Person","@id":"https:\/\/taxense.hu\/#\/schema\/person\/79562aabdb95e5ffe5dc64436550bba6","name":"taxense","image":{"@type":"ImageObject","inLanguage":"en-GB","@id":"https:\/\/taxense.hu\/#\/schema\/person\/image\/","url":"https:\/\/secure.gravatar.com\/avatar\/a9ba9699866ef130c54e608377e982ada98107aeaba719b3d6f8b1ddb5a0b8da?s=96&d=mm&r=g","contentUrl":"https:\/\/secure.gravatar.com\/avatar\/a9ba9699866ef130c54e608377e982ada98107aeaba719b3d6f8b1ddb5a0b8da?s=96&d=mm&r=g","caption":"taxense"},"url":"https:\/\/taxense.hu\/en\/author\/taxense\/"}]}},"_links":{"self":[{"href":"https:\/\/taxense.hu\/en\/wp-json\/wp\/v2\/posts\/4501","targetHints":{"allow":["GET"]}}],"collection":[{"href":"https:\/\/taxense.hu\/en\/wp-json\/wp\/v2\/posts"}],"about":[{"href":"https:\/\/taxense.hu\/en\/wp-json\/wp\/v2\/types\/post"}],"author":[{"embeddable":true,"href":"https:\/\/taxense.hu\/en\/wp-json\/wp\/v2\/users\/3"}],"replies":[{"embeddable":true,"href":"https:\/\/taxense.hu\/en\/wp-json\/wp\/v2\/comments?post=4501"}],"version-history":[{"count":1,"href":"https:\/\/taxense.hu\/en\/wp-json\/wp\/v2\/posts\/4501\/revisions"}],"predecessor-version":[{"id":4502,"href":"https:\/\/taxense.hu\/en\/wp-json\/wp\/v2\/posts\/4501\/revisions\/4502"}],"wp:featuredmedia":[{"embeddable":true,"href":"https:\/\/taxense.hu\/en\/wp-json\/wp\/v2\/media\/4490"}],"wp:attachment":[{"href":"https:\/\/taxense.hu\/en\/wp-json\/wp\/v2\/media?parent=4501"}],"wp:term":[{"taxonomy":"category","embeddable":true,"href":"https:\/\/taxense.hu\/en\/wp-json\/wp\/v2\/categories?post=4501"},{"taxonomy":"post_tag","embeddable":true,"href":"https:\/\/taxense.hu\/en\/wp-json\/wp\/v2\/tags?post=4501"}],"curies":[{"name":"wp","href":"https:\/\/api.w.org\/{rel}","templated":true}]}}