{"id":4306,"date":"2022-07-05T07:20:07","date_gmt":"2022-07-05T05:20:07","guid":{"rendered":"https:\/\/taxense.hu\/?p=4306"},"modified":"2022-08-02T17:21:27","modified_gmt":"2022-08-02T15:21:27","slug":"indul-a-szezon-egyszerusitett-foglalkoztatas-alkalmi-munka-2022-ben","status":"publish","type":"post","link":"https:\/\/taxense.hu\/en\/foglalkoztatas\/indul-a-szezon-egyszerusitett-foglalkoztatas-alkalmi-munka-2022-ben\/","title":{"rendered":"Indul a szezon \u2013 egyszer\u0171s\u00edtett foglalkoztat\u00e1s, alkalmi munka 2022-ben"},"content":{"rendered":"<h2 class=\"wp-block-heading\">Az EFO n\u00e9pszer\u0171 foglalkoztat\u00e1si m\u00f3d a r\u00f6vid ideig tart\u00f3 munk\u00e1kra, mert egyszer\u0171bb \u00e9s olcs\u00f3bb megold\u00e1st jelenthet a hat\u00e1rozott idej\u0171 munkaszerz\u0151d\u00e9ssel szemben.<\/h2>\n\n\n\n<div style=\"height:100px\" aria-hidden=\"true\" class=\"wp-block-spacer\"><\/div>\n\n\n\n<p class=\"has-medium-font-size\">B\u00e1r id\u00e9n janu\u00e1rt\u00f3l jelent\u0151sen csorbult el\u0151nye a di\u00e1ksz\u00f6vetkezeti foglalkoztat\u00e1ssal szemben (hisz neh\u00e9z felvenni a versenyt a 25 \u00e9v alattiak SZJA mentess\u00e9g\u00e9vel), a ny\u00e1ri szezonban \u00e9s n\u00e9h\u00e1ny ipar\u00e1gban m\u00e9g mindig toplist\u00e1s foglalkoztat\u00e1si forma, annak ellen\u00e9re, hogy&nbsp;<strong>DR\u00c1G\u00c1BBAK<\/strong>&nbsp;lesznek az alkalmi munk\u00e1sok, mivel a&nbsp;<strong>2022. j\u00falius 1-j\u00e9t\u0151l<\/strong>  kezd\u0151d\u0151en l\u00e9tes\u00edtett, EFO t\u00f6rv\u00e9ny szerinti foglalkoztat\u00e1si jogviszonyok eset\u00e9ben n\u00f6vekszik a munk\u00e1ltat\u00f3k \u00e1ltal fizetend\u0151 k\u00f6zteher m\u00e9rt\u00e9ke.<\/p>\n\n\n\n<div style=\"height:100px\" aria-hidden=\"true\" class=\"wp-block-spacer\"><\/div>\n\n\n\n<ul class=\"has-medium-font-size wp-block-list\"><li>Mez\u0151gazdas\u00e1gi \u00e9s turisztikai id\u00e9nymunka eset\u00e9n az eddigi 500 Ft helyett a minim\u00e1lb\u00e9r 0,5%-a = 1.000 Ft<\/li><\/ul>\n\n\n\n<ul class=\"has-medium-font-size wp-block-list\"><li>Alkalmi munka eset\u00e9n az eddigi 1.000 Ft helyett a minim\u00e1lb\u00e9r 1%-a = 2.000 Ft<\/li><\/ul>\n\n\n\n<ul class=\"has-medium-font-size wp-block-list\"><li>Filmipari statiszta alkalmi munka eset\u00e9n az eddigi 4.000 Ft helyett a minim\u00e1lb\u00e9r 3%-a = 6.000 Ft.<\/li><\/ul>\n\n\n\n<p class=\"has-medium-font-size\">(A filmipari statiszt\u00e1knak adhat\u00f3 napi b\u00e9r maximuma ugyanakkor az eddigi 18.000 Ft-r\u00f3l a minim\u00e1lb\u00e9r 12%-ra = 24.000 Ft-ra n\u00f6vekszik.)<\/p>\n\n\n\n<div style=\"height:44px\" aria-hidden=\"true\" class=\"wp-block-spacer\"><\/div>\n\n\n\n<p class=\"has-medium-font-size\"><strong>Az \u00e9rintettek k\u00f6r\u00e9ben m\u00f3dosul a nyugell\u00e1t\u00e1s sz\u00e1m\u00edt\u00e1s\u00e1nak alapja is, amelyet a NAV 2022. j\u00falius 10-ig honlapj\u00e1n k\u00f6zz\u00e9tesz.<\/strong><\/p>\n\n\n\n<h2 class=\"wp-block-heading\">K\u00e9rd\u00e9se van?<br>\u2705 Kezdj\u00fcnk el besz\u00e9lgetni!<br>E-mail: central@taxense.hu Tel: +36 70 398 00 19<\/h2>","protected":false},"excerpt":{"rendered":"<p>Az EFO n\u00e9pszer\u0171 foglalkoztat\u00e1si m\u00f3d a r\u00f6vid ideig tart\u00f3 munk\u00e1kra, mert egyszer\u0171bb \u00e9s olcs\u00f3bb megold\u00e1st jelenthet a hat\u00e1rozott idej\u0171 munkaszerz\u0151d\u00e9ssel szemben. B\u00e1r id\u00e9n janu\u00e1rt\u00f3l jelent\u0151sen csorbult el\u0151nye a di\u00e1ksz\u00f6vetkezeti foglalkoztat\u00e1ssal szemben (hisz neh\u00e9z felvenni a versenyt a 25 \u00e9v alattiak SZJA mentess\u00e9g\u00e9vel), a ny\u00e1ri szezonban \u00e9s n\u00e9h\u00e1ny ipar\u00e1gban m\u00e9g mindig toplist\u00e1s foglalkoztat\u00e1si forma, annak ellen\u00e9re, [&hellip;]<\/p>","protected":false},"author":3,"featured_media":4321,"comment_status":"open","ping_status":"open","sticky":false,"template":"","format":"standard","meta":{"_acf_changed":false,"site-sidebar-layout":"default","site-content-layout":"","ast-site-content-layout":"default","site-content-style":"default","site-sidebar-style":"default","ast-global-header-display":"","ast-banner-title-visibility":"","ast-main-header-display":"","ast-hfb-above-header-display":"","ast-hfb-below-header-display":"","ast-hfb-mobile-header-display":"","site-post-title":"","ast-breadcrumbs-content":"","ast-featured-img":"","footer-sml-layout":"","ast-disable-related-posts":"","theme-transparent-header-meta":"","adv-header-id-meta":"","stick-header-meta":"","header-above-stick-meta":"","header-main-stick-meta":"","header-below-stick-meta":"","astra-migrate-meta-layouts":"default","ast-page-background-enabled":"default","ast-page-background-meta":{"desktop":{"background-color":"var(--ast-global-color-4)","background-image":"","background-repeat":"repeat","background-position":"center center","background-size":"auto","background-attachment":"scroll","background-type":"","background-media":"","overlay-type":"","overlay-color":"","overlay-opacity":"","overlay-gradient":""},"tablet":{"background-color":"","background-image":"","background-repeat":"repeat","background-position":"center center","background-size":"auto","background-attachment":"scroll","background-type":"","background-media":"","overlay-type":"","overlay-color":"","overlay-opacity":"","overlay-gradient":""},"mobile":{"background-color":"","background-image":"","background-repeat":"repeat","background-position":"center center","background-size":"auto","background-attachment":"scroll","background-type":"","background-media":"","overlay-type":"","overlay-color":"","overlay-opacity":"","overlay-gradient":""}},"ast-content-background-meta":{"desktop":{"background-color":"var(--ast-global-color-5)","background-image":"","background-repeat":"repeat","background-position":"center center","background-size":"auto","background-attachment":"scroll","background-type":"","background-media":"","overlay-type":"","overlay-color":"","overlay-opacity":"","overlay-gradient":""},"tablet":{"background-color":"var(--ast-global-color-5)","background-image":"","background-repeat":"repeat","background-position":"center center","background-size":"auto","background-attachment":"scroll","background-type":"","background-media":"","overlay-type":"","overlay-color":"","overlay-opacity":"","overlay-gradient":""},"mobile":{"background-color":"var(--ast-global-color-5)","background-image":"","background-repeat":"repeat","background-position":"center center","background-size":"auto","background-attachment":"scroll","background-type":"","background-media":"","overlay-type":"","overlay-color":"","overlay-opacity":"","overlay-gradient":""}},"footnotes":""},"categories":[39],"tags":[37,34,35,36,38],"class_list":["post-4306","post","type-post","status-publish","format-standard","has-post-thumbnail","hentry","category-foglalkoztatas","tag-alkalmimunka","tag-efo","tag-foglalkoztatas","tag-kozteher","tag-munkaszerzodes"],"acf":[],"yoast_head":"<!-- This site is optimized with the Yoast SEO plugin v26.7 - https:\/\/yoast.com\/wordpress\/plugins\/seo\/ -->\n<title>Indul a szezon \u2013 egyszer\u0171s\u00edtett foglalkoztat\u00e1s, alkalmi munka 2022-ben - TAXENSE<\/title>\n<meta name=\"robots\" content=\"index, follow, max-snippet:-1, max-image-preview:large, max-video-preview:-1\" \/>\n<link rel=\"canonical\" href=\"https:\/\/taxense.hu\/en\/foglalkoztatas\/indul-a-szezon-egyszerusitett-foglalkoztatas-alkalmi-munka-2022-ben\/\" \/>\n<meta property=\"og:locale\" content=\"en_GB\" \/>\n<meta property=\"og:type\" content=\"article\" \/>\n<meta property=\"og:title\" content=\"Indul a szezon \u2013 egyszer\u0171s\u00edtett foglalkoztat\u00e1s, alkalmi munka 2022-ben - TAXENSE\" \/>\n<meta property=\"og:description\" content=\"Az EFO n\u00e9pszer\u0171 foglalkoztat\u00e1si m\u00f3d a r\u00f6vid ideig tart\u00f3 munk\u00e1kra, mert egyszer\u0171bb \u00e9s olcs\u00f3bb megold\u00e1st jelenthet a hat\u00e1rozott idej\u0171 munkaszerz\u0151d\u00e9ssel szemben. B\u00e1r id\u00e9n janu\u00e1rt\u00f3l jelent\u0151sen csorbult el\u0151nye a di\u00e1ksz\u00f6vetkezeti foglalkoztat\u00e1ssal szemben (hisz neh\u00e9z felvenni a versenyt a 25 \u00e9v alattiak SZJA mentess\u00e9g\u00e9vel), a ny\u00e1ri szezonban \u00e9s n\u00e9h\u00e1ny ipar\u00e1gban m\u00e9g mindig toplist\u00e1s foglalkoztat\u00e1si forma, annak ellen\u00e9re, [&hellip;]\" \/>\n<meta property=\"og:url\" content=\"https:\/\/taxense.hu\/en\/foglalkoztatas\/indul-a-szezon-egyszerusitett-foglalkoztatas-alkalmi-munka-2022-ben\/\" \/>\n<meta property=\"og:site_name\" content=\"TAXENSE\" \/>\n<meta property=\"article:publisher\" content=\"https:\/\/www.facebook.com\/TaxenseConsulting\" \/>\n<meta property=\"article:published_time\" content=\"2022-07-05T05:20:07+00:00\" \/>\n<meta property=\"article:modified_time\" content=\"2022-08-02T15:21:27+00:00\" \/>\n<meta property=\"og:image\" content=\"https:\/\/taxense.hu\/wp-content\/uploads\/2022\/07\/TAXENSE_creative-Instagram-bejegyze\u0301s-ne\u0301gyzet-alaku\u0301-2.png\" \/>\n\t<meta property=\"og:image:width\" content=\"1080\" \/>\n\t<meta property=\"og:image:height\" content=\"1080\" \/>\n\t<meta property=\"og:image:type\" content=\"image\/png\" \/>\n<meta name=\"author\" content=\"taxense\" \/>\n<meta name=\"twitter:card\" content=\"summary_large_image\" \/>\n<meta name=\"twitter:label1\" content=\"Written by\" \/>\n\t<meta name=\"twitter:data1\" content=\"taxense\" \/>\n\t<meta name=\"twitter:label2\" content=\"Estimated reading time\" \/>\n\t<meta name=\"twitter:data2\" content=\"1 minute\" \/>\n<script type=\"application\/ld+json\" class=\"yoast-schema-graph\">{\"@context\":\"https:\/\/schema.org\",\"@graph\":[{\"@type\":\"Article\",\"@id\":\"https:\/\/taxense.hu\/foglalkoztatas\/indul-a-szezon-egyszerusitett-foglalkoztatas-alkalmi-munka-2022-ben\/#article\",\"isPartOf\":{\"@id\":\"https:\/\/taxense.hu\/foglalkoztatas\/indul-a-szezon-egyszerusitett-foglalkoztatas-alkalmi-munka-2022-ben\/\"},\"author\":{\"name\":\"taxense\",\"@id\":\"https:\/\/taxense.hu\/#\/schema\/person\/79562aabdb95e5ffe5dc64436550bba6\"},\"headline\":\"Indul a szezon \u2013 egyszer\u0171s\u00edtett foglalkoztat\u00e1s, alkalmi munka 2022-ben\",\"datePublished\":\"2022-07-05T05:20:07+00:00\",\"dateModified\":\"2022-08-02T15:21:27+00:00\",\"mainEntityOfPage\":{\"@id\":\"https:\/\/taxense.hu\/foglalkoztatas\/indul-a-szezon-egyszerusitett-foglalkoztatas-alkalmi-munka-2022-ben\/\"},\"wordCount\":258,\"commentCount\":0,\"publisher\":{\"@id\":\"https:\/\/taxense.hu\/#organization\"},\"image\":{\"@id\":\"https:\/\/taxense.hu\/foglalkoztatas\/indul-a-szezon-egyszerusitett-foglalkoztatas-alkalmi-munka-2022-ben\/#primaryimage\"},\"thumbnailUrl\":\"https:\/\/taxense.hu\/wp-content\/uploads\/2022\/07\/TAXENSE_creative-Instagram-bejegyze\u0301s-ne\u0301gyzet-alaku\u0301-2.png\",\"keywords\":[\"alkalmimunka\",\"efo\",\"foglalkoztat\u00e1s\",\"k\u00f6zteher\",\"munkaszerz\u0151d\u00e9s\"],\"articleSection\":[\"foglalkoztatas\"],\"inLanguage\":\"en-GB\",\"potentialAction\":[{\"@type\":\"CommentAction\",\"name\":\"Comment\",\"target\":[\"https:\/\/taxense.hu\/foglalkoztatas\/indul-a-szezon-egyszerusitett-foglalkoztatas-alkalmi-munka-2022-ben\/#respond\"]}]},{\"@type\":\"WebPage\",\"@id\":\"https:\/\/taxense.hu\/foglalkoztatas\/indul-a-szezon-egyszerusitett-foglalkoztatas-alkalmi-munka-2022-ben\/\",\"url\":\"https:\/\/taxense.hu\/foglalkoztatas\/indul-a-szezon-egyszerusitett-foglalkoztatas-alkalmi-munka-2022-ben\/\",\"name\":\"Indul a szezon \u2013 egyszer\u0171s\u00edtett foglalkoztat\u00e1s, alkalmi munka 2022-ben - TAXENSE\",\"isPartOf\":{\"@id\":\"https:\/\/taxense.hu\/#website\"},\"primaryImageOfPage\":{\"@id\":\"https:\/\/taxense.hu\/foglalkoztatas\/indul-a-szezon-egyszerusitett-foglalkoztatas-alkalmi-munka-2022-ben\/#primaryimage\"},\"image\":{\"@id\":\"https:\/\/taxense.hu\/foglalkoztatas\/indul-a-szezon-egyszerusitett-foglalkoztatas-alkalmi-munka-2022-ben\/#primaryimage\"},\"thumbnailUrl\":\"https:\/\/taxense.hu\/wp-content\/uploads\/2022\/07\/TAXENSE_creative-Instagram-bejegyze\u0301s-ne\u0301gyzet-alaku\u0301-2.png\",\"datePublished\":\"2022-07-05T05:20:07+00:00\",\"dateModified\":\"2022-08-02T15:21:27+00:00\",\"breadcrumb\":{\"@id\":\"https:\/\/taxense.hu\/foglalkoztatas\/indul-a-szezon-egyszerusitett-foglalkoztatas-alkalmi-munka-2022-ben\/#breadcrumb\"},\"inLanguage\":\"en-GB\",\"potentialAction\":[{\"@type\":\"ReadAction\",\"target\":[\"https:\/\/taxense.hu\/foglalkoztatas\/indul-a-szezon-egyszerusitett-foglalkoztatas-alkalmi-munka-2022-ben\/\"]}]},{\"@type\":\"ImageObject\",\"inLanguage\":\"en-GB\",\"@id\":\"https:\/\/taxense.hu\/foglalkoztatas\/indul-a-szezon-egyszerusitett-foglalkoztatas-alkalmi-munka-2022-ben\/#primaryimage\",\"url\":\"https:\/\/taxense.hu\/wp-content\/uploads\/2022\/07\/TAXENSE_creative-Instagram-bejegyze\u0301s-ne\u0301gyzet-alaku\u0301-2.png\",\"contentUrl\":\"https:\/\/taxense.hu\/wp-content\/uploads\/2022\/07\/TAXENSE_creative-Instagram-bejegyze\u0301s-ne\u0301gyzet-alaku\u0301-2.png\",\"width\":1080,\"height\":1080,\"caption\":\"Indul a szezon \u2013 egyszer\u0171s\u00edtett foglalkoztat\u00e1s, alkalmi munka 2022-ben\"},{\"@type\":\"BreadcrumbList\",\"@id\":\"https:\/\/taxense.hu\/foglalkoztatas\/indul-a-szezon-egyszerusitett-foglalkoztatas-alkalmi-munka-2022-ben\/#breadcrumb\",\"itemListElement\":[{\"@type\":\"ListItem\",\"position\":1,\"name\":\"Kezd\u0151lap\",\"item\":\"https:\/\/taxense.hu\/\"},{\"@type\":\"ListItem\",\"position\":2,\"name\":\"Indul a szezon \u2013 egyszer\u0171s\u00edtett foglalkoztat\u00e1s, alkalmi munka 2022-ben\"}]},{\"@type\":\"WebSite\",\"@id\":\"https:\/\/taxense.hu\/#website\",\"url\":\"https:\/\/taxense.hu\/\",\"name\":\"TAXENSE\",\"description\":\"CONSULTING\",\"publisher\":{\"@id\":\"https:\/\/taxense.hu\/#organization\"},\"potentialAction\":[{\"@type\":\"SearchAction\",\"target\":{\"@type\":\"EntryPoint\",\"urlTemplate\":\"https:\/\/taxense.hu\/?s={search_term_string}\"},\"query-input\":{\"@type\":\"PropertyValueSpecification\",\"valueRequired\":true,\"valueName\":\"search_term_string\"}}],\"inLanguage\":\"en-GB\"},{\"@type\":\"Organization\",\"@id\":\"https:\/\/taxense.hu\/#organization\",\"name\":\"TAXENSE\",\"url\":\"https:\/\/taxense.hu\/\",\"logo\":{\"@type\":\"ImageObject\",\"inLanguage\":\"en-GB\",\"@id\":\"https:\/\/taxense.hu\/#\/schema\/logo\/image\/\",\"url\":\"https:\/\/taxense.hu\/wp-content\/uploads\/2021\/09\/taxense_logo_72dp_uj2.png\",\"contentUrl\":\"https:\/\/taxense.hu\/wp-content\/uploads\/2021\/09\/taxense_logo_72dp_uj2.png\",\"width\":204,\"height\":64,\"caption\":\"TAXENSE\"},\"image\":{\"@id\":\"https:\/\/taxense.hu\/#\/schema\/logo\/image\/\"},\"sameAs\":[\"https:\/\/www.facebook.com\/TaxenseConsulting\",\"https:\/\/www.instagram.com\/taxenseconsulting\/\",\"https:\/\/www.linkedin.com\/company\/taxenseconsulting\/about\/\"]},{\"@type\":\"Person\",\"@id\":\"https:\/\/taxense.hu\/#\/schema\/person\/79562aabdb95e5ffe5dc64436550bba6\",\"name\":\"taxense\",\"image\":{\"@type\":\"ImageObject\",\"inLanguage\":\"en-GB\",\"@id\":\"https:\/\/taxense.hu\/#\/schema\/person\/image\/\",\"url\":\"https:\/\/secure.gravatar.com\/avatar\/a9ba9699866ef130c54e608377e982ada98107aeaba719b3d6f8b1ddb5a0b8da?s=96&d=mm&r=g\",\"contentUrl\":\"https:\/\/secure.gravatar.com\/avatar\/a9ba9699866ef130c54e608377e982ada98107aeaba719b3d6f8b1ddb5a0b8da?s=96&d=mm&r=g\",\"caption\":\"taxense\"},\"url\":\"https:\/\/taxense.hu\/en\/author\/taxense\/\"}]}<\/script>\n<!-- \/ Yoast SEO plugin. -->","yoast_head_json":{"title":"Indul a szezon \u2013 egyszer\u0171s\u00edtett foglalkoztat\u00e1s, alkalmi munka 2022-ben - TAXENSE","robots":{"index":"index","follow":"follow","max-snippet":"max-snippet:-1","max-image-preview":"max-image-preview:large","max-video-preview":"max-video-preview:-1"},"canonical":"https:\/\/taxense.hu\/en\/foglalkoztatas\/indul-a-szezon-egyszerusitett-foglalkoztatas-alkalmi-munka-2022-ben\/","og_locale":"en_GB","og_type":"article","og_title":"Indul a szezon \u2013 egyszer\u0171s\u00edtett foglalkoztat\u00e1s, alkalmi munka 2022-ben - TAXENSE","og_description":"Az EFO n\u00e9pszer\u0171 foglalkoztat\u00e1si m\u00f3d a r\u00f6vid ideig tart\u00f3 munk\u00e1kra, mert egyszer\u0171bb \u00e9s olcs\u00f3bb megold\u00e1st jelenthet a hat\u00e1rozott idej\u0171 munkaszerz\u0151d\u00e9ssel szemben. B\u00e1r id\u00e9n janu\u00e1rt\u00f3l jelent\u0151sen csorbult el\u0151nye a di\u00e1ksz\u00f6vetkezeti foglalkoztat\u00e1ssal szemben (hisz neh\u00e9z felvenni a versenyt a 25 \u00e9v alattiak SZJA mentess\u00e9g\u00e9vel), a ny\u00e1ri szezonban \u00e9s n\u00e9h\u00e1ny ipar\u00e1gban m\u00e9g mindig toplist\u00e1s foglalkoztat\u00e1si forma, annak ellen\u00e9re, [&hellip;]","og_url":"https:\/\/taxense.hu\/en\/foglalkoztatas\/indul-a-szezon-egyszerusitett-foglalkoztatas-alkalmi-munka-2022-ben\/","og_site_name":"TAXENSE","article_publisher":"https:\/\/www.facebook.com\/TaxenseConsulting","article_published_time":"2022-07-05T05:20:07+00:00","article_modified_time":"2022-08-02T15:21:27+00:00","og_image":[{"width":1080,"height":1080,"url":"https:\/\/taxense.hu\/wp-content\/uploads\/2022\/07\/TAXENSE_creative-Instagram-bejegyze\u0301s-ne\u0301gyzet-alaku\u0301-2.png","type":"image\/png"}],"author":"taxense","twitter_card":"summary_large_image","twitter_misc":{"Written by":"taxense","Estimated reading time":"1 minute"},"schema":{"@context":"https:\/\/schema.org","@graph":[{"@type":"Article","@id":"https:\/\/taxense.hu\/foglalkoztatas\/indul-a-szezon-egyszerusitett-foglalkoztatas-alkalmi-munka-2022-ben\/#article","isPartOf":{"@id":"https:\/\/taxense.hu\/foglalkoztatas\/indul-a-szezon-egyszerusitett-foglalkoztatas-alkalmi-munka-2022-ben\/"},"author":{"name":"taxense","@id":"https:\/\/taxense.hu\/#\/schema\/person\/79562aabdb95e5ffe5dc64436550bba6"},"headline":"Indul a szezon \u2013 egyszer\u0171s\u00edtett foglalkoztat\u00e1s, alkalmi munka 2022-ben","datePublished":"2022-07-05T05:20:07+00:00","dateModified":"2022-08-02T15:21:27+00:00","mainEntityOfPage":{"@id":"https:\/\/taxense.hu\/foglalkoztatas\/indul-a-szezon-egyszerusitett-foglalkoztatas-alkalmi-munka-2022-ben\/"},"wordCount":258,"commentCount":0,"publisher":{"@id":"https:\/\/taxense.hu\/#organization"},"image":{"@id":"https:\/\/taxense.hu\/foglalkoztatas\/indul-a-szezon-egyszerusitett-foglalkoztatas-alkalmi-munka-2022-ben\/#primaryimage"},"thumbnailUrl":"https:\/\/taxense.hu\/wp-content\/uploads\/2022\/07\/TAXENSE_creative-Instagram-bejegyze\u0301s-ne\u0301gyzet-alaku\u0301-2.png","keywords":["alkalmimunka","efo","foglalkoztat\u00e1s","k\u00f6zteher","munkaszerz\u0151d\u00e9s"],"articleSection":["foglalkoztatas"],"inLanguage":"en-GB","potentialAction":[{"@type":"CommentAction","name":"Comment","target":["https:\/\/taxense.hu\/foglalkoztatas\/indul-a-szezon-egyszerusitett-foglalkoztatas-alkalmi-munka-2022-ben\/#respond"]}]},{"@type":"WebPage","@id":"https:\/\/taxense.hu\/foglalkoztatas\/indul-a-szezon-egyszerusitett-foglalkoztatas-alkalmi-munka-2022-ben\/","url":"https:\/\/taxense.hu\/foglalkoztatas\/indul-a-szezon-egyszerusitett-foglalkoztatas-alkalmi-munka-2022-ben\/","name":"Indul a szezon \u2013 egyszer\u0171s\u00edtett foglalkoztat\u00e1s, alkalmi munka 2022-ben - TAXENSE","isPartOf":{"@id":"https:\/\/taxense.hu\/#website"},"primaryImageOfPage":{"@id":"https:\/\/taxense.hu\/foglalkoztatas\/indul-a-szezon-egyszerusitett-foglalkoztatas-alkalmi-munka-2022-ben\/#primaryimage"},"image":{"@id":"https:\/\/taxense.hu\/foglalkoztatas\/indul-a-szezon-egyszerusitett-foglalkoztatas-alkalmi-munka-2022-ben\/#primaryimage"},"thumbnailUrl":"https:\/\/taxense.hu\/wp-content\/uploads\/2022\/07\/TAXENSE_creative-Instagram-bejegyze\u0301s-ne\u0301gyzet-alaku\u0301-2.png","datePublished":"2022-07-05T05:20:07+00:00","dateModified":"2022-08-02T15:21:27+00:00","breadcrumb":{"@id":"https:\/\/taxense.hu\/foglalkoztatas\/indul-a-szezon-egyszerusitett-foglalkoztatas-alkalmi-munka-2022-ben\/#breadcrumb"},"inLanguage":"en-GB","potentialAction":[{"@type":"ReadAction","target":["https:\/\/taxense.hu\/foglalkoztatas\/indul-a-szezon-egyszerusitett-foglalkoztatas-alkalmi-munka-2022-ben\/"]}]},{"@type":"ImageObject","inLanguage":"en-GB","@id":"https:\/\/taxense.hu\/foglalkoztatas\/indul-a-szezon-egyszerusitett-foglalkoztatas-alkalmi-munka-2022-ben\/#primaryimage","url":"https:\/\/taxense.hu\/wp-content\/uploads\/2022\/07\/TAXENSE_creative-Instagram-bejegyze\u0301s-ne\u0301gyzet-alaku\u0301-2.png","contentUrl":"https:\/\/taxense.hu\/wp-content\/uploads\/2022\/07\/TAXENSE_creative-Instagram-bejegyze\u0301s-ne\u0301gyzet-alaku\u0301-2.png","width":1080,"height":1080,"caption":"Indul a szezon \u2013 egyszer\u0171s\u00edtett foglalkoztat\u00e1s, alkalmi munka 2022-ben"},{"@type":"BreadcrumbList","@id":"https:\/\/taxense.hu\/foglalkoztatas\/indul-a-szezon-egyszerusitett-foglalkoztatas-alkalmi-munka-2022-ben\/#breadcrumb","itemListElement":[{"@type":"ListItem","position":1,"name":"Kezd\u0151lap","item":"https:\/\/taxense.hu\/"},{"@type":"ListItem","position":2,"name":"Indul a szezon \u2013 egyszer\u0171s\u00edtett foglalkoztat\u00e1s, alkalmi munka 2022-ben"}]},{"@type":"WebSite","@id":"https:\/\/taxense.hu\/#website","url":"https:\/\/taxense.hu\/","name":"TAXENSE","description":"CONSULTING","publisher":{"@id":"https:\/\/taxense.hu\/#organization"},"potentialAction":[{"@type":"SearchAction","target":{"@type":"EntryPoint","urlTemplate":"https:\/\/taxense.hu\/?s={search_term_string}"},"query-input":{"@type":"PropertyValueSpecification","valueRequired":true,"valueName":"search_term_string"}}],"inLanguage":"en-GB"},{"@type":"Organization","@id":"https:\/\/taxense.hu\/#organization","name":"TAXENSE","url":"https:\/\/taxense.hu\/","logo":{"@type":"ImageObject","inLanguage":"en-GB","@id":"https:\/\/taxense.hu\/#\/schema\/logo\/image\/","url":"https:\/\/taxense.hu\/wp-content\/uploads\/2021\/09\/taxense_logo_72dp_uj2.png","contentUrl":"https:\/\/taxense.hu\/wp-content\/uploads\/2021\/09\/taxense_logo_72dp_uj2.png","width":204,"height":64,"caption":"TAXENSE"},"image":{"@id":"https:\/\/taxense.hu\/#\/schema\/logo\/image\/"},"sameAs":["https:\/\/www.facebook.com\/TaxenseConsulting","https:\/\/www.instagram.com\/taxenseconsulting\/","https:\/\/www.linkedin.com\/company\/taxenseconsulting\/about\/"]},{"@type":"Person","@id":"https:\/\/taxense.hu\/#\/schema\/person\/79562aabdb95e5ffe5dc64436550bba6","name":"taxense","image":{"@type":"ImageObject","inLanguage":"en-GB","@id":"https:\/\/taxense.hu\/#\/schema\/person\/image\/","url":"https:\/\/secure.gravatar.com\/avatar\/a9ba9699866ef130c54e608377e982ada98107aeaba719b3d6f8b1ddb5a0b8da?s=96&d=mm&r=g","contentUrl":"https:\/\/secure.gravatar.com\/avatar\/a9ba9699866ef130c54e608377e982ada98107aeaba719b3d6f8b1ddb5a0b8da?s=96&d=mm&r=g","caption":"taxense"},"url":"https:\/\/taxense.hu\/en\/author\/taxense\/"}]}},"_links":{"self":[{"href":"https:\/\/taxense.hu\/en\/wp-json\/wp\/v2\/posts\/4306","targetHints":{"allow":["GET"]}}],"collection":[{"href":"https:\/\/taxense.hu\/en\/wp-json\/wp\/v2\/posts"}],"about":[{"href":"https:\/\/taxense.hu\/en\/wp-json\/wp\/v2\/types\/post"}],"author":[{"embeddable":true,"href":"https:\/\/taxense.hu\/en\/wp-json\/wp\/v2\/users\/3"}],"replies":[{"embeddable":true,"href":"https:\/\/taxense.hu\/en\/wp-json\/wp\/v2\/comments?post=4306"}],"version-history":[{"count":4,"href":"https:\/\/taxense.hu\/en\/wp-json\/wp\/v2\/posts\/4306\/revisions"}],"predecessor-version":[{"id":4320,"href":"https:\/\/taxense.hu\/en\/wp-json\/wp\/v2\/posts\/4306\/revisions\/4320"}],"wp:featuredmedia":[{"embeddable":true,"href":"https:\/\/taxense.hu\/en\/wp-json\/wp\/v2\/media\/4321"}],"wp:attachment":[{"href":"https:\/\/taxense.hu\/en\/wp-json\/wp\/v2\/media?parent=4306"}],"wp:term":[{"taxonomy":"category","embeddable":true,"href":"https:\/\/taxense.hu\/en\/wp-json\/wp\/v2\/categories?post=4306"},{"taxonomy":"post_tag","embeddable":true,"href":"https:\/\/taxense.hu\/en\/wp-json\/wp\/v2\/tags?post=4306"}],"curies":[{"name":"wp","href":"https:\/\/api.w.org\/{rel}","templated":true}]}}