{"id":4044,"date":"2022-01-13T12:36:57","date_gmt":"2022-01-13T11:36:57","guid":{"rendered":"https:\/\/taxense.hu\/?p=4044"},"modified":"2022-01-30T19:54:08","modified_gmt":"2022-01-30T18:54:08","slug":"egyszerusitett-foglalkoztatas-2022-szabalyok-ezt-erdemes-tudnod-az-alkalmi-munkarol","status":"publish","type":"post","link":"https:\/\/taxense.hu\/en\/uncategorized\/egyszerusitett-foglalkoztatas-2022-szabalyok-ezt-erdemes-tudnod-az-alkalmi-munkarol\/","title":{"rendered":"Egyszer\u0171s\u00edtett foglalkoztat\u00e1s 2022 szab\u00e1lyok: Ezt \u00e9rdemes tudnod az alkalmi munk\u00e1r\u00f3l!"},"content":{"rendered":"<p>Magyarorsz\u00e1gon \u00e9vek \u00f3ta t\u00f6retlen n\u00e9pszer\u0171s\u00e9get \u00e9lvez a rendes munkaviszony \u00e9s a v\u00e1llalkoz\u00f3i l\u00e9t mellett az alkalmi munkav\u00e1llal\u00e1s, illetve az ezzel hasonl\u00f3 kateg\u00f3ri\u00e1ba es\u0151 id\u00e9nymunka v\u00e9gz\u00e9se, melynek b\u00e9relsz\u00e1mol\u00e1sa kapcs\u00e1n az al\u00e1bbiakra kell figyelni:<\/p>\n\n\n\n<ol class=\"wp-block-list\"><li>Egyszer\u0171s\u00edtett foglalkoztat\u00e1s kiz\u00e1r\u00f3lagosan \u00f3rab\u00e9res meg\u00e1llapod\u00e1s legyen (pl: van napib\u00e9r is, de azt el lehet rontani).&nbsp;<\/li><li>Minim\u00e1lisan kifizetend\u0151 b\u00e9rek az egyszer\u0171s\u00edtett foglalkoztat\u00e1s kapcs\u00e1n 2022.01.01-t\u0151l:&nbsp;<br>&#8211; minim\u00e1lb\u00e9r (&nbsp;<strong>1.150&nbsp;Ft\/\u00f3ra<\/strong>) 85%-a, azaz&nbsp;<strong>978&nbsp;Ft\/\u00f3ra<\/strong>, vagy&nbsp;<br>&#8211; a szakk\u00e9pzetts\u00e9get ig\u00e9nyl\u0151 munkak\u00f6r\u00f6kben garant\u00e1lt b\u00e9rminimum (<strong>1.495 Ft\/\u00f3ra<\/strong>)&nbsp;87%-a, azaz&nbsp;<strong>1 301 Ft\/\u00f3ra<\/strong>.<\/li><li>Az egyszer\u0171s\u00edtett foglalkoztatottnak j\u00e1r&nbsp;<strong>15%-os \u00e9jszakai p\u00f3tl\u00e9k<\/strong>&nbsp;(22 &#8211; 06) \u00f3ra k\u00f6z\u00f6tti munkaid\u0151re,&nbsp;<strong>HA<\/strong>&nbsp;a munkav\u00e9gz\u00e9s ideje 22 &#8211; 06 \u00f3ra k\u00f6z\u00f6tt meghaladja az 1 \u00f3r\u00e1t.&nbsp;<\/li><li>Az egyszer\u0171s\u00edtett foglalkoztatottnak, a napi 8 \u00f3ra feletti munkaid\u0151re, az alapb\u00e9ren fel\u00fcl&nbsp;<strong>50% &#8222;t\u00fal\u00f3ra p\u00f3tl\u00e9kot&#8221;<\/strong>&nbsp;is kell fizetni.&nbsp;<br>(Kiv\u00e9ve t\u00f6bb napos bejelent\u00e9s, egyenl\u0151tlen beoszt\u00e1s pl: egybef\u00fcgg\u0151 2 nap bejelent\u00e9s 1. nap 12 \u00f3ra , 2. nap 4 \u00f3ra munka, \u00e1tlagosan maximum 8 \u00f3ra)&nbsp;<\/li><li>Boltokban, k\u00f6z\u00e9rtekben, stb&#8230;, ahol nem vas\u00e1rnaphoz k\u00f6thet\u0151 a tev\u00e9kenys\u00e9g vagy munkak\u00f6r,&nbsp;<strong>50%-os vas\u00e1rnapi p\u00f3tl\u00e9kot&nbsp;<\/strong>kell fizetni.&nbsp;<\/li><li>Ahol nem vas\u00e1rnaphoz k\u00f6thet\u0151 a tev\u00e9kenys\u00e9g vagy a munkak\u00f6r, a t\u00fal\u00f3r\u00e1ra&nbsp;<strong>50% &#8222;t\u00fal\u00f3ra p\u00f3tl\u00e9kot&#8221; + 50%-os vas\u00e1rnapi p\u00f3tl\u00e9kot<\/strong>&nbsp;is kell fizetni.&nbsp;<\/li><li>Ha pl.: \u00e9tteremben fizetett \u00fcnnepen dolgozik egyszer\u0171s\u00edtett foglalkoztatott, akkor a fizetett \u00fcnnepi \u00f3r\u00e1kra&nbsp;<strong>100% p\u00f3tl\u00e9k is j\u00e1r<\/strong>.&nbsp;<\/li><li>Egyszer\u0171s\u00edtett foglalkoztat\u00e1s keret\u00e9ben az 1.000 Ft-os vagy 500 Ft-os k\u00f6zteher erej\u00e9ig maxim\u00e1lisan kifizethet\u0151 napi munkab\u00e9r \u00f6sszege 2022. janu\u00e1r 01-t\u0151l: <strong>18.400 Ft\/nap\/f\u0151.&nbsp;<\/strong>&nbsp;Term\u00e9szetesen enn\u00e9l magasabb \u00f6sszeg\u0171 munkab\u00e9r is kifizet\u00e9sre ker\u00fclhet, mely k\u00f6lts\u00e9gk\u00e9nt is elsz\u00e1molhat\u00f3, csup\u00e1n tov\u00e1bbi ad\u00f3fizet\u00e9si k\u00f6telezetts\u00e9ggel kell sz\u00e1molni:<br>&#8211; a t\u00e1rsas\u00e1gi ad\u00f3 hat\u00e1lya al\u00e1 tartoz\u00f3 foglalkoztat\u00f3k eset\u00e9ben Tao tv. 3. sz\u00e1m\u00fa mell\u00e9klet A) 14. pontja alapj\u00e1n t\u00e1rsas\u00e1gi ad\u00f3fizet\u00e9si k\u00f6telezetts\u00e9g keletkezik;<br>&#8211; a v\u00e1llalkoz\u00f3i j\u00f6vedelem szerinti ad\u00f3z\u00e1st alkalmaz\u00f3 egy\u00e9ni v\u00e1llalkoz\u00f3nak, mint foglalkoztat\u00f3nak az Szja. tv. 11. sz\u00e1m\u00fa mell\u00e9klet IV. 15. pontja alapj\u00e1n v\u00e1llalkoz\u00f3i szja fizet\u00e9si k\u00f6telezetts\u00e9ge keletkezik.<\/li><li>Kell-e SZJA-t fizetni a munkav\u00e1llal\u00f3nak az egyszer\u0171s\u00edtett foglalkoztat\u00e1si b\u00e9re ut\u00e1n?<br>A napi mentes\u00edtett keret\u00f6sszegen fel\u00fcli igen.&nbsp;<\/li><li>Egyszer\u0171s\u00edtett foglalkoztatottak bejelent\u00e9se a foglalkoztat\u00e1s megkezd\u00e9se el\u0151tt t\u00f6rt\u00e9njen meg.<\/li><li><strong>Egyszer\u0171s\u00edtett foglalkoztatottak bejelent\u00e9si lehet\u0151s\u00e9gei<\/strong>:<br>&#8211; a T1042E nyomtatv\u00e1nyon (\u00fcgyf\u00e9l kapun kereszt\u00fcl)<br>&#8211; orsz\u00e1gos telefonos \u00fcgyf\u00e9lszolg\u00e1laton kereszt\u00fcl telefonon teljes\u00edtheti. (185-\u00f6s k\u00e9k sz\u00e1m)<br>&#8211; okos telefonr\u00f3l, tabletr\u0151l applik\u00e1ci\u00f3 haszn\u00e1lat\u00e1val<\/li><\/ol>","protected":false},"excerpt":{"rendered":"<p>Magyarorsz\u00e1gon \u00e9vek \u00f3ta t\u00f6retlen n\u00e9pszer\u0171s\u00e9get \u00e9lvez a rendes munkaviszony \u00e9s a v\u00e1llalkoz\u00f3i l\u00e9t mellett az alkalmi munkav\u00e1llal\u00e1s, illetve az ezzel hasonl\u00f3 kateg\u00f3ri\u00e1ba es\u0151 id\u00e9nymunka v\u00e9gz\u00e9se, melynek b\u00e9relsz\u00e1mol\u00e1sa kapcs\u00e1n az al\u00e1bbiakra kell figyelni: Egyszer\u0171s\u00edtett foglalkoztat\u00e1s kiz\u00e1r\u00f3lagosan \u00f3rab\u00e9res meg\u00e1llapod\u00e1s legyen (pl: van napib\u00e9r is, de azt el lehet rontani).&nbsp; Minim\u00e1lisan kifizetend\u0151 b\u00e9rek az egyszer\u0171s\u00edtett foglalkoztat\u00e1s kapcs\u00e1n 2022.01.01-t\u0151l:&nbsp;&#8211; [&hellip;]<\/p>","protected":false},"author":2,"featured_media":4065,"comment_status":"open","ping_status":"open","sticky":false,"template":"","format":"standard","meta":{"_acf_changed":false,"site-sidebar-layout":"default","site-content-layout":"default","ast-site-content-layout":"default","site-content-style":"default","site-sidebar-style":"default","ast-global-header-display":"","ast-banner-title-visibility":"","ast-main-header-display":"","ast-hfb-above-header-display":"","ast-hfb-below-header-display":"","ast-hfb-mobile-header-display":"","site-post-title":"","ast-breadcrumbs-content":"","ast-featured-img":"","footer-sml-layout":"","ast-disable-related-posts":"","theme-transparent-header-meta":"default","adv-header-id-meta":"","stick-header-meta":"","header-above-stick-meta":"","header-main-stick-meta":"","header-below-stick-meta":"","astra-migrate-meta-layouts":"default","ast-page-background-enabled":"default","ast-page-background-meta":{"desktop":{"background-color":"var(--ast-global-color-4)","background-image":"","background-repeat":"repeat","background-position":"center center","background-size":"auto","background-attachment":"scroll","background-type":"","background-media":"","overlay-type":"","overlay-color":"","overlay-opacity":"","overlay-gradient":""},"tablet":{"background-color":"","background-image":"","background-repeat":"repeat","background-position":"center center","background-size":"auto","background-attachment":"scroll","background-type":"","background-media":"","overlay-type":"","overlay-color":"","overlay-opacity":"","overlay-gradient":""},"mobile":{"background-color":"","background-image":"","background-repeat":"repeat","background-position":"center center","background-size":"auto","background-attachment":"scroll","background-type":"","background-media":"","overlay-type":"","overlay-color":"","overlay-opacity":"","overlay-gradient":""}},"ast-content-background-meta":{"desktop":{"background-color":"var(--ast-global-color-5)","background-image":"","background-repeat":"repeat","background-position":"center center","background-size":"auto","background-attachment":"scroll","background-type":"","background-media":"","overlay-type":"","overlay-color":"","overlay-opacity":"","overlay-gradient":""},"tablet":{"background-color":"var(--ast-global-color-5)","background-image":"","background-repeat":"repeat","background-position":"center center","background-size":"auto","background-attachment":"scroll","background-type":"","background-media":"","overlay-type":"","overlay-color":"","overlay-opacity":"","overlay-gradient":""},"mobile":{"background-color":"var(--ast-global-color-5)","background-image":"","background-repeat":"repeat","background-position":"center center","background-size":"auto","background-attachment":"scroll","background-type":"","background-media":"","overlay-type":"","overlay-color":"","overlay-opacity":"","overlay-gradient":""}},"footnotes":""},"categories":[1],"tags":[],"class_list":["post-4044","post","type-post","status-publish","format-standard","has-post-thumbnail","hentry","category-uncategorized"],"acf":[],"yoast_head":"<!-- This site is optimized with the Yoast SEO plugin v26.7 - https:\/\/yoast.com\/wordpress\/plugins\/seo\/ -->\n<title>Egyszer\u0171s\u00edtett foglalkoztat\u00e1s 2022 szab\u00e1lyok: Ezt \u00e9rdemes tudnod az alkalmi munk\u00e1r\u00f3l! - TAXENSE<\/title>\n<meta name=\"robots\" content=\"index, follow, max-snippet:-1, max-image-preview:large, max-video-preview:-1\" \/>\n<link rel=\"canonical\" href=\"https:\/\/taxense.hu\/en\/uncategorized\/egyszerusitett-foglalkoztatas-2022-szabalyok-ezt-erdemes-tudnod-az-alkalmi-munkarol\/\" \/>\n<meta property=\"og:locale\" content=\"en_GB\" \/>\n<meta property=\"og:type\" content=\"article\" \/>\n<meta property=\"og:title\" content=\"Egyszer\u0171s\u00edtett foglalkoztat\u00e1s 2022 szab\u00e1lyok: Ezt \u00e9rdemes tudnod az alkalmi munk\u00e1r\u00f3l! - TAXENSE\" \/>\n<meta property=\"og:description\" content=\"Magyarorsz\u00e1gon \u00e9vek \u00f3ta t\u00f6retlen n\u00e9pszer\u0171s\u00e9get \u00e9lvez a rendes munkaviszony \u00e9s a v\u00e1llalkoz\u00f3i l\u00e9t mellett az alkalmi munkav\u00e1llal\u00e1s, illetve az ezzel hasonl\u00f3 kateg\u00f3ri\u00e1ba es\u0151 id\u00e9nymunka v\u00e9gz\u00e9se, melynek b\u00e9relsz\u00e1mol\u00e1sa kapcs\u00e1n az al\u00e1bbiakra kell figyelni: Egyszer\u0171s\u00edtett foglalkoztat\u00e1s kiz\u00e1r\u00f3lagosan \u00f3rab\u00e9res meg\u00e1llapod\u00e1s legyen (pl: van napib\u00e9r is, de azt el lehet rontani).&nbsp; Minim\u00e1lisan kifizetend\u0151 b\u00e9rek az egyszer\u0171s\u00edtett foglalkoztat\u00e1s kapcs\u00e1n 2022.01.01-t\u0151l:&nbsp;&#8211; [&hellip;]\" \/>\n<meta property=\"og:url\" content=\"https:\/\/taxense.hu\/en\/uncategorized\/egyszerusitett-foglalkoztatas-2022-szabalyok-ezt-erdemes-tudnod-az-alkalmi-munkarol\/\" \/>\n<meta property=\"og:site_name\" content=\"TAXENSE\" \/>\n<meta property=\"article:publisher\" content=\"https:\/\/www.facebook.com\/TaxenseConsulting\" \/>\n<meta property=\"article:published_time\" content=\"2022-01-13T11:36:57+00:00\" \/>\n<meta property=\"article:modified_time\" content=\"2022-01-30T18:54:08+00:00\" \/>\n<meta property=\"og:image\" content=\"https:\/\/taxense.hu\/wp-content\/uploads\/2022\/01\/fogl_szab_taxense_09.jpg\" \/>\n\t<meta property=\"og:image:width\" content=\"2300\" \/>\n\t<meta property=\"og:image:height\" content=\"2300\" \/>\n\t<meta property=\"og:image:type\" content=\"image\/jpeg\" \/>\n<meta name=\"author\" content=\"ABHadmin\" \/>\n<meta name=\"twitter:card\" content=\"summary_large_image\" \/>\n<meta name=\"twitter:label1\" content=\"Written by\" \/>\n\t<meta name=\"twitter:data1\" content=\"ABHadmin\" \/>\n\t<meta name=\"twitter:label2\" content=\"Estimated reading time\" \/>\n\t<meta name=\"twitter:data2\" content=\"2 minutes\" \/>\n<script type=\"application\/ld+json\" class=\"yoast-schema-graph\">{\"@context\":\"https:\/\/schema.org\",\"@graph\":[{\"@type\":\"Article\",\"@id\":\"https:\/\/taxense.hu\/uncategorized\/egyszerusitett-foglalkoztatas-2022-szabalyok-ezt-erdemes-tudnod-az-alkalmi-munkarol\/#article\",\"isPartOf\":{\"@id\":\"https:\/\/taxense.hu\/uncategorized\/egyszerusitett-foglalkoztatas-2022-szabalyok-ezt-erdemes-tudnod-az-alkalmi-munkarol\/\"},\"author\":{\"name\":\"ABHadmin\",\"@id\":\"https:\/\/taxense.hu\/#\/schema\/person\/5c261591205b461422a2549be3e04a70\"},\"headline\":\"Egyszer\u0171s\u00edtett foglalkoztat\u00e1s 2022 szab\u00e1lyok: Ezt \u00e9rdemes tudnod az alkalmi munk\u00e1r\u00f3l!\",\"datePublished\":\"2022-01-13T11:36:57+00:00\",\"dateModified\":\"2022-01-30T18:54:08+00:00\",\"mainEntityOfPage\":{\"@id\":\"https:\/\/taxense.hu\/uncategorized\/egyszerusitett-foglalkoztatas-2022-szabalyok-ezt-erdemes-tudnod-az-alkalmi-munkarol\/\"},\"wordCount\":562,\"commentCount\":0,\"publisher\":{\"@id\":\"https:\/\/taxense.hu\/#organization\"},\"image\":{\"@id\":\"https:\/\/taxense.hu\/uncategorized\/egyszerusitett-foglalkoztatas-2022-szabalyok-ezt-erdemes-tudnod-az-alkalmi-munkarol\/#primaryimage\"},\"thumbnailUrl\":\"https:\/\/taxense.hu\/wp-content\/uploads\/2022\/01\/fogl_szab_taxense_09.jpg\",\"articleSection\":[\"Uncategorized\"],\"inLanguage\":\"en-GB\",\"potentialAction\":[{\"@type\":\"CommentAction\",\"name\":\"Comment\",\"target\":[\"https:\/\/taxense.hu\/uncategorized\/egyszerusitett-foglalkoztatas-2022-szabalyok-ezt-erdemes-tudnod-az-alkalmi-munkarol\/#respond\"]}]},{\"@type\":\"WebPage\",\"@id\":\"https:\/\/taxense.hu\/uncategorized\/egyszerusitett-foglalkoztatas-2022-szabalyok-ezt-erdemes-tudnod-az-alkalmi-munkarol\/\",\"url\":\"https:\/\/taxense.hu\/uncategorized\/egyszerusitett-foglalkoztatas-2022-szabalyok-ezt-erdemes-tudnod-az-alkalmi-munkarol\/\",\"name\":\"Egyszer\u0171s\u00edtett foglalkoztat\u00e1s 2022 szab\u00e1lyok: Ezt \u00e9rdemes tudnod az alkalmi munk\u00e1r\u00f3l! - TAXENSE\",\"isPartOf\":{\"@id\":\"https:\/\/taxense.hu\/#website\"},\"primaryImageOfPage\":{\"@id\":\"https:\/\/taxense.hu\/uncategorized\/egyszerusitett-foglalkoztatas-2022-szabalyok-ezt-erdemes-tudnod-az-alkalmi-munkarol\/#primaryimage\"},\"image\":{\"@id\":\"https:\/\/taxense.hu\/uncategorized\/egyszerusitett-foglalkoztatas-2022-szabalyok-ezt-erdemes-tudnod-az-alkalmi-munkarol\/#primaryimage\"},\"thumbnailUrl\":\"https:\/\/taxense.hu\/wp-content\/uploads\/2022\/01\/fogl_szab_taxense_09.jpg\",\"datePublished\":\"2022-01-13T11:36:57+00:00\",\"dateModified\":\"2022-01-30T18:54:08+00:00\",\"breadcrumb\":{\"@id\":\"https:\/\/taxense.hu\/uncategorized\/egyszerusitett-foglalkoztatas-2022-szabalyok-ezt-erdemes-tudnod-az-alkalmi-munkarol\/#breadcrumb\"},\"inLanguage\":\"en-GB\",\"potentialAction\":[{\"@type\":\"ReadAction\",\"target\":[\"https:\/\/taxense.hu\/uncategorized\/egyszerusitett-foglalkoztatas-2022-szabalyok-ezt-erdemes-tudnod-az-alkalmi-munkarol\/\"]}]},{\"@type\":\"ImageObject\",\"inLanguage\":\"en-GB\",\"@id\":\"https:\/\/taxense.hu\/uncategorized\/egyszerusitett-foglalkoztatas-2022-szabalyok-ezt-erdemes-tudnod-az-alkalmi-munkarol\/#primaryimage\",\"url\":\"https:\/\/taxense.hu\/wp-content\/uploads\/2022\/01\/fogl_szab_taxense_09.jpg\",\"contentUrl\":\"https:\/\/taxense.hu\/wp-content\/uploads\/2022\/01\/fogl_szab_taxense_09.jpg\",\"width\":2300,\"height\":2300},{\"@type\":\"BreadcrumbList\",\"@id\":\"https:\/\/taxense.hu\/uncategorized\/egyszerusitett-foglalkoztatas-2022-szabalyok-ezt-erdemes-tudnod-az-alkalmi-munkarol\/#breadcrumb\",\"itemListElement\":[{\"@type\":\"ListItem\",\"position\":1,\"name\":\"Kezd\u0151lap\",\"item\":\"https:\/\/taxense.hu\/\"},{\"@type\":\"ListItem\",\"position\":2,\"name\":\"Egyszer\u0171s\u00edtett foglalkoztat\u00e1s 2022 szab\u00e1lyok: Ezt \u00e9rdemes tudnod az alkalmi munk\u00e1r\u00f3l!\"}]},{\"@type\":\"WebSite\",\"@id\":\"https:\/\/taxense.hu\/#website\",\"url\":\"https:\/\/taxense.hu\/\",\"name\":\"TAXENSE\",\"description\":\"CONSULTING\",\"publisher\":{\"@id\":\"https:\/\/taxense.hu\/#organization\"},\"potentialAction\":[{\"@type\":\"SearchAction\",\"target\":{\"@type\":\"EntryPoint\",\"urlTemplate\":\"https:\/\/taxense.hu\/?s={search_term_string}\"},\"query-input\":{\"@type\":\"PropertyValueSpecification\",\"valueRequired\":true,\"valueName\":\"search_term_string\"}}],\"inLanguage\":\"en-GB\"},{\"@type\":\"Organization\",\"@id\":\"https:\/\/taxense.hu\/#organization\",\"name\":\"TAXENSE\",\"url\":\"https:\/\/taxense.hu\/\",\"logo\":{\"@type\":\"ImageObject\",\"inLanguage\":\"en-GB\",\"@id\":\"https:\/\/taxense.hu\/#\/schema\/logo\/image\/\",\"url\":\"https:\/\/taxense.hu\/wp-content\/uploads\/2021\/09\/taxense_logo_72dp_uj2.png\",\"contentUrl\":\"https:\/\/taxense.hu\/wp-content\/uploads\/2021\/09\/taxense_logo_72dp_uj2.png\",\"width\":204,\"height\":64,\"caption\":\"TAXENSE\"},\"image\":{\"@id\":\"https:\/\/taxense.hu\/#\/schema\/logo\/image\/\"},\"sameAs\":[\"https:\/\/www.facebook.com\/TaxenseConsulting\",\"https:\/\/www.instagram.com\/taxenseconsulting\/\",\"https:\/\/www.linkedin.com\/company\/taxenseconsulting\/about\/\"]},{\"@type\":\"Person\",\"@id\":\"https:\/\/taxense.hu\/#\/schema\/person\/5c261591205b461422a2549be3e04a70\",\"name\":\"ABHadmin\",\"image\":{\"@type\":\"ImageObject\",\"inLanguage\":\"en-GB\",\"@id\":\"https:\/\/taxense.hu\/#\/schema\/person\/image\/\",\"url\":\"https:\/\/secure.gravatar.com\/avatar\/765c2d0e9ef2dcc9d0d0fdcf15b961782bd25a6b712dc4d4fa33106513a19de9?s=96&d=mm&r=g\",\"contentUrl\":\"https:\/\/secure.gravatar.com\/avatar\/765c2d0e9ef2dcc9d0d0fdcf15b961782bd25a6b712dc4d4fa33106513a19de9?s=96&d=mm&r=g\",\"caption\":\"ABHadmin\"},\"url\":\"https:\/\/taxense.hu\/en\/author\/abhadmin\/\"}]}<\/script>\n<!-- \/ Yoast SEO plugin. -->","yoast_head_json":{"title":"Egyszer\u0171s\u00edtett foglalkoztat\u00e1s 2022 szab\u00e1lyok: Ezt \u00e9rdemes tudnod az alkalmi munk\u00e1r\u00f3l! - TAXENSE","robots":{"index":"index","follow":"follow","max-snippet":"max-snippet:-1","max-image-preview":"max-image-preview:large","max-video-preview":"max-video-preview:-1"},"canonical":"https:\/\/taxense.hu\/en\/uncategorized\/egyszerusitett-foglalkoztatas-2022-szabalyok-ezt-erdemes-tudnod-az-alkalmi-munkarol\/","og_locale":"en_GB","og_type":"article","og_title":"Egyszer\u0171s\u00edtett foglalkoztat\u00e1s 2022 szab\u00e1lyok: Ezt \u00e9rdemes tudnod az alkalmi munk\u00e1r\u00f3l! - TAXENSE","og_description":"Magyarorsz\u00e1gon \u00e9vek \u00f3ta t\u00f6retlen n\u00e9pszer\u0171s\u00e9get \u00e9lvez a rendes munkaviszony \u00e9s a v\u00e1llalkoz\u00f3i l\u00e9t mellett az alkalmi munkav\u00e1llal\u00e1s, illetve az ezzel hasonl\u00f3 kateg\u00f3ri\u00e1ba es\u0151 id\u00e9nymunka v\u00e9gz\u00e9se, melynek b\u00e9relsz\u00e1mol\u00e1sa kapcs\u00e1n az al\u00e1bbiakra kell figyelni: Egyszer\u0171s\u00edtett foglalkoztat\u00e1s kiz\u00e1r\u00f3lagosan \u00f3rab\u00e9res meg\u00e1llapod\u00e1s legyen (pl: van napib\u00e9r is, de azt el lehet rontani).&nbsp; Minim\u00e1lisan kifizetend\u0151 b\u00e9rek az egyszer\u0171s\u00edtett foglalkoztat\u00e1s kapcs\u00e1n 2022.01.01-t\u0151l:&nbsp;&#8211; [&hellip;]","og_url":"https:\/\/taxense.hu\/en\/uncategorized\/egyszerusitett-foglalkoztatas-2022-szabalyok-ezt-erdemes-tudnod-az-alkalmi-munkarol\/","og_site_name":"TAXENSE","article_publisher":"https:\/\/www.facebook.com\/TaxenseConsulting","article_published_time":"2022-01-13T11:36:57+00:00","article_modified_time":"2022-01-30T18:54:08+00:00","og_image":[{"width":2300,"height":2300,"url":"https:\/\/taxense.hu\/wp-content\/uploads\/2022\/01\/fogl_szab_taxense_09.jpg","type":"image\/jpeg"}],"author":"ABHadmin","twitter_card":"summary_large_image","twitter_misc":{"Written by":"ABHadmin","Estimated reading time":"2 minutes"},"schema":{"@context":"https:\/\/schema.org","@graph":[{"@type":"Article","@id":"https:\/\/taxense.hu\/uncategorized\/egyszerusitett-foglalkoztatas-2022-szabalyok-ezt-erdemes-tudnod-az-alkalmi-munkarol\/#article","isPartOf":{"@id":"https:\/\/taxense.hu\/uncategorized\/egyszerusitett-foglalkoztatas-2022-szabalyok-ezt-erdemes-tudnod-az-alkalmi-munkarol\/"},"author":{"name":"ABHadmin","@id":"https:\/\/taxense.hu\/#\/schema\/person\/5c261591205b461422a2549be3e04a70"},"headline":"Egyszer\u0171s\u00edtett foglalkoztat\u00e1s 2022 szab\u00e1lyok: Ezt \u00e9rdemes tudnod az alkalmi munk\u00e1r\u00f3l!","datePublished":"2022-01-13T11:36:57+00:00","dateModified":"2022-01-30T18:54:08+00:00","mainEntityOfPage":{"@id":"https:\/\/taxense.hu\/uncategorized\/egyszerusitett-foglalkoztatas-2022-szabalyok-ezt-erdemes-tudnod-az-alkalmi-munkarol\/"},"wordCount":562,"commentCount":0,"publisher":{"@id":"https:\/\/taxense.hu\/#organization"},"image":{"@id":"https:\/\/taxense.hu\/uncategorized\/egyszerusitett-foglalkoztatas-2022-szabalyok-ezt-erdemes-tudnod-az-alkalmi-munkarol\/#primaryimage"},"thumbnailUrl":"https:\/\/taxense.hu\/wp-content\/uploads\/2022\/01\/fogl_szab_taxense_09.jpg","articleSection":["Uncategorized"],"inLanguage":"en-GB","potentialAction":[{"@type":"CommentAction","name":"Comment","target":["https:\/\/taxense.hu\/uncategorized\/egyszerusitett-foglalkoztatas-2022-szabalyok-ezt-erdemes-tudnod-az-alkalmi-munkarol\/#respond"]}]},{"@type":"WebPage","@id":"https:\/\/taxense.hu\/uncategorized\/egyszerusitett-foglalkoztatas-2022-szabalyok-ezt-erdemes-tudnod-az-alkalmi-munkarol\/","url":"https:\/\/taxense.hu\/uncategorized\/egyszerusitett-foglalkoztatas-2022-szabalyok-ezt-erdemes-tudnod-az-alkalmi-munkarol\/","name":"Egyszer\u0171s\u00edtett foglalkoztat\u00e1s 2022 szab\u00e1lyok: Ezt \u00e9rdemes tudnod az alkalmi munk\u00e1r\u00f3l! - TAXENSE","isPartOf":{"@id":"https:\/\/taxense.hu\/#website"},"primaryImageOfPage":{"@id":"https:\/\/taxense.hu\/uncategorized\/egyszerusitett-foglalkoztatas-2022-szabalyok-ezt-erdemes-tudnod-az-alkalmi-munkarol\/#primaryimage"},"image":{"@id":"https:\/\/taxense.hu\/uncategorized\/egyszerusitett-foglalkoztatas-2022-szabalyok-ezt-erdemes-tudnod-az-alkalmi-munkarol\/#primaryimage"},"thumbnailUrl":"https:\/\/taxense.hu\/wp-content\/uploads\/2022\/01\/fogl_szab_taxense_09.jpg","datePublished":"2022-01-13T11:36:57+00:00","dateModified":"2022-01-30T18:54:08+00:00","breadcrumb":{"@id":"https:\/\/taxense.hu\/uncategorized\/egyszerusitett-foglalkoztatas-2022-szabalyok-ezt-erdemes-tudnod-az-alkalmi-munkarol\/#breadcrumb"},"inLanguage":"en-GB","potentialAction":[{"@type":"ReadAction","target":["https:\/\/taxense.hu\/uncategorized\/egyszerusitett-foglalkoztatas-2022-szabalyok-ezt-erdemes-tudnod-az-alkalmi-munkarol\/"]}]},{"@type":"ImageObject","inLanguage":"en-GB","@id":"https:\/\/taxense.hu\/uncategorized\/egyszerusitett-foglalkoztatas-2022-szabalyok-ezt-erdemes-tudnod-az-alkalmi-munkarol\/#primaryimage","url":"https:\/\/taxense.hu\/wp-content\/uploads\/2022\/01\/fogl_szab_taxense_09.jpg","contentUrl":"https:\/\/taxense.hu\/wp-content\/uploads\/2022\/01\/fogl_szab_taxense_09.jpg","width":2300,"height":2300},{"@type":"BreadcrumbList","@id":"https:\/\/taxense.hu\/uncategorized\/egyszerusitett-foglalkoztatas-2022-szabalyok-ezt-erdemes-tudnod-az-alkalmi-munkarol\/#breadcrumb","itemListElement":[{"@type":"ListItem","position":1,"name":"Kezd\u0151lap","item":"https:\/\/taxense.hu\/"},{"@type":"ListItem","position":2,"name":"Egyszer\u0171s\u00edtett foglalkoztat\u00e1s 2022 szab\u00e1lyok: Ezt \u00e9rdemes tudnod az alkalmi munk\u00e1r\u00f3l!"}]},{"@type":"WebSite","@id":"https:\/\/taxense.hu\/#website","url":"https:\/\/taxense.hu\/","name":"TAXENSE","description":"CONSULTING","publisher":{"@id":"https:\/\/taxense.hu\/#organization"},"potentialAction":[{"@type":"SearchAction","target":{"@type":"EntryPoint","urlTemplate":"https:\/\/taxense.hu\/?s={search_term_string}"},"query-input":{"@type":"PropertyValueSpecification","valueRequired":true,"valueName":"search_term_string"}}],"inLanguage":"en-GB"},{"@type":"Organization","@id":"https:\/\/taxense.hu\/#organization","name":"TAXENSE","url":"https:\/\/taxense.hu\/","logo":{"@type":"ImageObject","inLanguage":"en-GB","@id":"https:\/\/taxense.hu\/#\/schema\/logo\/image\/","url":"https:\/\/taxense.hu\/wp-content\/uploads\/2021\/09\/taxense_logo_72dp_uj2.png","contentUrl":"https:\/\/taxense.hu\/wp-content\/uploads\/2021\/09\/taxense_logo_72dp_uj2.png","width":204,"height":64,"caption":"TAXENSE"},"image":{"@id":"https:\/\/taxense.hu\/#\/schema\/logo\/image\/"},"sameAs":["https:\/\/www.facebook.com\/TaxenseConsulting","https:\/\/www.instagram.com\/taxenseconsulting\/","https:\/\/www.linkedin.com\/company\/taxenseconsulting\/about\/"]},{"@type":"Person","@id":"https:\/\/taxense.hu\/#\/schema\/person\/5c261591205b461422a2549be3e04a70","name":"ABHadmin","image":{"@type":"ImageObject","inLanguage":"en-GB","@id":"https:\/\/taxense.hu\/#\/schema\/person\/image\/","url":"https:\/\/secure.gravatar.com\/avatar\/765c2d0e9ef2dcc9d0d0fdcf15b961782bd25a6b712dc4d4fa33106513a19de9?s=96&d=mm&r=g","contentUrl":"https:\/\/secure.gravatar.com\/avatar\/765c2d0e9ef2dcc9d0d0fdcf15b961782bd25a6b712dc4d4fa33106513a19de9?s=96&d=mm&r=g","caption":"ABHadmin"},"url":"https:\/\/taxense.hu\/en\/author\/abhadmin\/"}]}},"_links":{"self":[{"href":"https:\/\/taxense.hu\/en\/wp-json\/wp\/v2\/posts\/4044","targetHints":{"allow":["GET"]}}],"collection":[{"href":"https:\/\/taxense.hu\/en\/wp-json\/wp\/v2\/posts"}],"about":[{"href":"https:\/\/taxense.hu\/en\/wp-json\/wp\/v2\/types\/post"}],"author":[{"embeddable":true,"href":"https:\/\/taxense.hu\/en\/wp-json\/wp\/v2\/users\/2"}],"replies":[{"embeddable":true,"href":"https:\/\/taxense.hu\/en\/wp-json\/wp\/v2\/comments?post=4044"}],"version-history":[{"count":1,"href":"https:\/\/taxense.hu\/en\/wp-json\/wp\/v2\/posts\/4044\/revisions"}],"predecessor-version":[{"id":4045,"href":"https:\/\/taxense.hu\/en\/wp-json\/wp\/v2\/posts\/4044\/revisions\/4045"}],"wp:featuredmedia":[{"embeddable":true,"href":"https:\/\/taxense.hu\/en\/wp-json\/wp\/v2\/media\/4065"}],"wp:attachment":[{"href":"https:\/\/taxense.hu\/en\/wp-json\/wp\/v2\/media?parent=4044"}],"wp:term":[{"taxonomy":"category","embeddable":true,"href":"https:\/\/taxense.hu\/en\/wp-json\/wp\/v2\/categories?post=4044"},{"taxonomy":"post_tag","embeddable":true,"href":"https:\/\/taxense.hu\/en\/wp-json\/wp\/v2\/tags?post=4044"}],"curies":[{"name":"wp","href":"https:\/\/api.w.org\/{rel}","templated":true}]}}